{"id":144710,"date":"2021-11-05T20:37:13","date_gmt":"2021-11-05T23:37:13","guid":{"rendered":"http:\/\/centraldeportes.com.ar\/?p=7409"},"modified":"2021-11-05T20:37:13","modified_gmt":"2021-11-05T23:37:13","slug":"augusto-arana-sigue-lider-del-torneo-abierto-union-clasistas","status":"publish","type":"post","link":"https:\/\/cdnoticias.com\/index.php\/2021\/11\/05\/augusto-arana-sigue-lider-del-torneo-abierto-union-clasistas\/","title":{"rendered":"Augusto Ara\u00f1a sigue l\u00edder del Torneo Abierto \u201cUni\u00f3n Clasistas\u201d"},"content":{"rendered":"<p>El juvenil Augusto Ara\u00f1a entabl\u00f3 su partida ante Jesica Biarlo y mantiene el lugar de privilegio tras completarse este jueves la sexta fecha del tradicional torneo Abierto \u201cUni\u00f3n Clasistas\u201d, que organiza la entidad anfitriona con la fiscalizaci\u00f3n de la Federaci\u00f3n de Ajedrez de Olavarr\u00eda y la direcci\u00f3n de Eduardo Costilla.<!--more--><\/p>\n<hr \/>\n<p>Ara\u00f1a y Biarlo acordaron las tablas luego de llegar a un final equilibrado, lo que permiti\u00f3 que Horacio Pereyra con el triunfo frente a Agust\u00edn Pandini acortara la diferencia. El campe\u00f3n se definir\u00e1 en la \u00faltima ronda.<\/p>\n<p>&nbsp;<\/p>\n<p>El puntero jugar\u00e1 en la mesa uno de negras ante el experimentado Gustavo Bourgeois, en tanto Horacio Pereyra tambi\u00e9n de negras jugar\u00e1 ante Paola Nievas.. Estas partidas se dar\u00e1n el martes en el marco de la s\u00e9ptima y \u00faltima jornada.<\/p>\n<p>&nbsp;<\/p>\n<p>En Debutantes Adulto tiene dos punteros, Pablo Stupino y Esteban Salom\u00f3n, que se enfrentan en la pr\u00f3xima y \u00faltima jornada y en Debutantes Ni\u00f1os que se disputa por sistema americano contin\u00faan como l\u00edderes Lorenzo Stupino y Rodrigo Palacios, y tambi\u00e9n definen en la pr\u00f3xima fecha.<\/p>\n<p>&nbsp;<\/p>\n<p><img data-recalc-dims=\"1\" loading=\"lazy\" decoding=\"async\" class=\"aligncenter size-full wp-image-7410\" src=\"https:\/\/i0.wp.com\/centraldeportes.com.ar\/wp-content\/uploads\/2021\/11\/Debutantes-Adulto.jpeg?resize=800%2C450\" alt=\"\" width=\"800\" height=\"450\" \/><\/p>\n<p>&nbsp;<\/p>\n<p>Le dan marco al certamen 60 trebejistas, que se agrupan en el torneo principal y en el de debutantes. Se juega los d\u00edas lunes y jueves a partir de las 21hs en la sede de la instituci\u00f3n. El tiempo de juego es de noventa minutos por jugador, aplic\u00e1ndose el sistema suizo a siete rondas.<\/p>\n<p>&nbsp;<\/p>\n<p>Los resultados de la 6\u00b0 ronda fueron:<\/p>\n<p>Augusto Ara\u00f1a \u00bd &#8211; \u00bd Jesica Biarlo<br \/>\nHoracio Pereyra 1 &#8211; 0 Agust\u00edn Pandini<br \/>\nGustavo Bourgeois 1 &#8211; 0 Martin Graf<br \/>\nMartin Ponce 0 &#8211; 1 Hugo Fischer<br \/>\nJos\u00e9 Pal 0 &#8211; 1 Paola Nievas<br \/>\nMart\u00edn Finet 1 &#8211; 0 Horacio Battaglia<br \/>\nDario Maidana \u00bd &#8211; \u00bd Juan Kromberger<br \/>\nRub\u00e9n L\u00f3pez 0 &#8211; 1 Agust\u00edn Lamique<br \/>\nGabriel Iglesias 1 &#8211; 0 Lionel Manuel<br \/>\nAlberto Zito &#8211; &#8211; + Florencia Lamique<br \/>\nGustavo Entraigas 0 &#8211; 1 Abel Rani<br \/>\nPedro Oscar Orellana 0 &#8211; 1 Juan Carlos Sterki<br \/>\nSantiago Carlos \u00bd &#8211; \u00bd Adolfo Abdala<br \/>\nMar\u00eda Jos\u00e9 Finet 1 &#8211; 0 Laureano Tescione<br \/>\nAraceli Masson 0 &#8211; 1 Andr\u00e9s Stanek<br \/>\nEmiliano Mart\u00ednez 0 &#8211; 1 Tomas Carmona<br \/>\nJos\u00e9 Loza LIBRE<\/p>\n","protected":false},"excerpt":{"rendered":"<p>El juvenil Augusto Ara\u00f1a entabl\u00f3 su partida ante Jesica Biarlo y mantiene el lugar de privilegio tras completarse este jueves<\/p>\n","protected":false},"author":96739694,"featured_media":144711,"comment_status":"closed","ping_status":"closed","sticky":false,"template":"","format":"standard","meta":{"_jetpack_memberships_contains_paid_content":false,"footnotes":""},"categories":[30,1],"tags":[],"class_list":["post-144710","post","type-post","status-publish","format-standard","has-post-thumbnail","hentry","category-polideportivo","category-portada"],"jetpack_featured_media_url":"https:\/\/i0.wp.com\/cdnoticias.com\/wp-content\/uploads\/2021\/11\/Pal-vs-Nievas.jpeg?fit=1040%2C585&ssl=1","jetpack_sharing_enabled":true,"_links":{"self":[{"href":"https:\/\/cdnoticias.com\/index.php\/wp-json\/wp\/v2\/posts\/144710","targetHints":{"allow":["GET"]}}],"collection":[{"href":"https:\/\/cdnoticias.com\/index.php\/wp-json\/wp\/v2\/posts"}],"about":[{"href":"https:\/\/cdnoticias.com\/index.php\/wp-json\/wp\/v2\/types\/post"}],"author":[{"embeddable":true,"href":"https:\/\/cdnoticias.com\/index.php\/wp-json\/wp\/v2\/users\/96739694"}],"replies":[{"embeddable":true,"href":"https:\/\/cdnoticias.com\/index.php\/wp-json\/wp\/v2\/comments?post=144710"}],"version-history":[{"count":0,"href":"https:\/\/cdnoticias.com\/index.php\/wp-json\/wp\/v2\/posts\/144710\/revisions"}],"wp:featuredmedia":[{"embeddable":true,"href":"https:\/\/cdnoticias.com\/index.php\/wp-json\/wp\/v2\/media\/144711"}],"wp:attachment":[{"href":"https:\/\/cdnoticias.com\/index.php\/wp-json\/wp\/v2\/media?parent=144710"}],"wp:term":[{"taxonomy":"category","embeddable":true,"href":"https:\/\/cdnoticias.com\/index.php\/wp-json\/wp\/v2\/categories?post=144710"},{"taxonomy":"post_tag","embeddable":true,"href":"https:\/\/cdnoticias.com\/index.php\/wp-json\/wp\/v2\/tags?post=144710"}],"curies":[{"name":"wp","href":"https:\/\/api.w.org\/{rel}","templated":true}]}}