{"id":144658,"date":"2021-11-01T18:42:53","date_gmt":"2021-11-01T21:42:53","guid":{"rendered":"http:\/\/centraldeportes.com.ar\/?p=7261"},"modified":"2021-11-01T18:42:53","modified_gmt":"2021-11-01T21:42:53","slug":"la-maraton-hugo-dino-tinelli-tuvo-muchisima-presencia-olavarriense","status":"publish","type":"post","link":"https:\/\/cdnoticias.com\/index.php\/2021\/11\/01\/la-maraton-hugo-dino-tinelli-tuvo-muchisima-presencia-olavarriense\/","title":{"rendered":"La Marat\u00f3n \u201cHugo Dino Tinelli\u201d tuvo much\u00edsima presencia olavarriense"},"content":{"rendered":"<p>El pasado s\u00e1bado y desde el Centro C\u00edvico de la localidad de Bol\u00edvar, m\u00e1s de 3000 corredores largaron en oleadas para participar de la Marat\u00f3n Internacional \u201cDino Hugo Tinelli\u201d.<!--more--><\/p>\n<hr \/>\n<p>Alrededor de un centenar de deportistas olavarrienses dijeron presentes en la prueba atl\u00e9tica y el mejor ubicado fue Ezequiel Magallane que se ubic\u00f3 en la 15\u00b0 posici\u00f3n con un tiempo de 33:37, a 10 minutos y 10 segundos del ganador de la carrera, Miguel Guerra.<\/p>\n<p>&nbsp;<\/p>\n<p>Marcos Pe\u00f1alva fue el segundo mejor olavarriense con 34:10 y el 18\u00b0 puesto y el podio de los nacidos en Olavarr\u00eda, lo complet\u00f3 Mauricio Olivera que fue 25\u00b0 con 34:41.<\/p>\n<p>&nbsp;<\/p>\n<p>Diego D\u00edaz, Mat\u00edas Zerda, Jonathan Z\u00e1rate, Diego G\u00f3mez, Juan Carlos Bravo y Ramiro Su\u00e1rez se ubicaron en el Top100 de la clasificaci\u00f3n general.<\/p>\n<p>&nbsp;<\/p>\n<p>Adem\u00e1s corrieron Sa\u00fal Salud, Ricardo Rojas, \u00c1ngel Fleitas, Facundo Dominizi, Roberto Ortiz, Diego Farra, Luis Nicolini, Franco Fern\u00e1ndez, Nicol\u00e1s Recofsky, Edgar De Alessandre, Juan Recofsky, Luciano Chojo, Leonardo Vitale, Jorge Ram\u00edrez, Facundo Mart\u00ednez Cisneros, Guillermo Cilley, Agust\u00edn Arzave, H\u00e9ctor Erviti, Daniel Fern\u00e1ndez, Facundo Fittipaldi, Iv\u00e1n Recabarren, Alejandro Petry, Cristian Maidana, Adri\u00e1n Macrina, V\u00edctor Gonz\u00e1lez, Mart\u00edn D\u00edaz y Gustavo Lalli se ubicaron entre los primeros 300 atletas.<\/p>\n<p>&nbsp;<\/p>\n<p><img data-recalc-dims=\"1\" loading=\"lazy\" decoding=\"async\" class=\"aligncenter size-full wp-image-7263\" src=\"https:\/\/i0.wp.com\/centraldeportes.com.ar\/wp-content\/uploads\/2021\/11\/251285550_10209415753186655_3709213152096867573_n.jpg?resize=720%2C720\" alt=\"\" width=\"720\" height=\"720\" \/><\/p>\n<p>&nbsp;<\/p>\n<p>Entre las Damas que qued\u00f3 en manos de Luj\u00e1n Urrutia, la mejor de las representantes olavarrienses fue Laura Trumpio que fue 18\u00b0 con un tiempo de 43:04.<\/p>\n<p>&nbsp;<\/p>\n<p>Florencia Ju\u00e1rez fue 24\u00b0, Carola Rearte 40\u00b0, Jessica Menon 66\u00b0, Mar\u00eda Cornejo 70\u00b0, Ornela Candia Freire 74\u00b0, Melisa P\u00e9rez 84\u00b0,\u00a0 Andrea Ju\u00e1rez fue 96\u00b0 y Marianela Fern\u00e1ndez 99\u00b0, las que llegaron entre las primeras 100 mujeres.<\/p>\n<p>&nbsp;<\/p>\n<p>Tambi\u00e9n corrieron Daiana Maroa, Marcelo Guerrero, Sandra Alberti, Silvia Mansilla, Paola Rold\u00e1n, Marianela Oron\u00e1, Mariana Ruiz D\u00edaz, Julia Mart\u00ednez y \u00c1ngela Espindola lograron cruzar el globo de llegada entre las primeras 200.<\/p>\n<p>&nbsp;<\/p>\n<p>Tambi\u00e9n se realiz\u00f3 un circuito recreativo de 3K.<\/p>\n","protected":false},"excerpt":{"rendered":"<p>El pasado s\u00e1bado y desde el Centro C\u00edvico de la localidad de Bol\u00edvar, m\u00e1s de 3000 corredores largaron en oleadas<\/p>\n","protected":false},"author":96739694,"featured_media":144660,"comment_status":"closed","ping_status":"closed","sticky":false,"template":"","format":"standard","meta":{"_jetpack_memberships_contains_paid_content":false,"footnotes":""},"categories":[38,1],"tags":[],"class_list":["post-144658","post","type-post","status-publish","format-standard","has-post-thumbnail","hentry","category-pedestrismo","category-portada"],"jetpack_featured_media_url":"https:\/\/i0.wp.com\/cdnoticias.com\/wp-content\/uploads\/2021\/11\/251425081_4465006553588347_4437120904160866618_n-e1635802930489.jpg?fit=1726%2C924&ssl=1","jetpack_sharing_enabled":true,"_links":{"self":[{"href":"https:\/\/cdnoticias.com\/index.php\/wp-json\/wp\/v2\/posts\/144658","targetHints":{"allow":["GET"]}}],"collection":[{"href":"https:\/\/cdnoticias.com\/index.php\/wp-json\/wp\/v2\/posts"}],"about":[{"href":"https:\/\/cdnoticias.com\/index.php\/wp-json\/wp\/v2\/types\/post"}],"author":[{"embeddable":true,"href":"https:\/\/cdnoticias.com\/index.php\/wp-json\/wp\/v2\/users\/96739694"}],"replies":[{"embeddable":true,"href":"https:\/\/cdnoticias.com\/index.php\/wp-json\/wp\/v2\/comments?post=144658"}],"version-history":[{"count":0,"href":"https:\/\/cdnoticias.com\/index.php\/wp-json\/wp\/v2\/posts\/144658\/revisions"}],"wp:featuredmedia":[{"embeddable":true,"href":"https:\/\/cdnoticias.com\/index.php\/wp-json\/wp\/v2\/media\/144660"}],"wp:attachment":[{"href":"https:\/\/cdnoticias.com\/index.php\/wp-json\/wp\/v2\/media?parent=144658"}],"wp:term":[{"taxonomy":"category","embeddable":true,"href":"https:\/\/cdnoticias.com\/index.php\/wp-json\/wp\/v2\/categories?post=144658"},{"taxonomy":"post_tag","embeddable":true,"href":"https:\/\/cdnoticias.com\/index.php\/wp-json\/wp\/v2\/tags?post=144658"}],"curies":[{"name":"wp","href":"https:\/\/api.w.org\/{rel}","templated":true}]}}