{"id":144648,"date":"2021-11-02T14:08:05","date_gmt":"2021-11-02T17:08:05","guid":{"rendered":"http:\/\/centraldeportes.com.ar\/?p=7282"},"modified":"2021-11-02T14:08:05","modified_gmt":"2021-11-02T17:08:05","slug":"bruno-sansimoni-el-conductor-designado-de-penarol","status":"publish","type":"post","link":"https:\/\/cdnoticias.com\/index.php\/2021\/11\/02\/bruno-sansimoni-el-conductor-designado-de-penarol\/","title":{"rendered":"Bruno Sansimoni, el conductor designado de Pe\u00f1arol"},"content":{"rendered":"<p>El deportista olavarriense que integra uno de los planteles de la \u00e9lite del b\u00e1squet nacional brind\u00f3 una exhaustiva entrevista a uno de los medios especializados.<!--more--><\/p>\n<hr \/>\n<p>Bruno Sansimoni charl\u00f3 d\u00edas atr\u00e1s con B\u00e1squet Plus sobre esta nueva posibilidad en La Liga Nacional y sus primeros partidos en el S\u00faper20 defendiendo la camiseta de Pe\u00f1arol.<\/p>\n<p>&nbsp;<\/p>\n<p>La entrevista completa: \u201cCada vez m\u00e1s asentado en la \u00e9lite del b\u00e1squet argentino, el armador olavarriense vive uno de sus mejores momentos e ilusiona, ahora, al &#8220;Milrayitas&#8221;.<\/p>\n<p>&nbsp;<\/p>\n<p>Tiene apenas 25 a\u00f1os, pero a juzgar por su tiempo dentro de la Liga Nacional pareciera que est\u00e1 hace quince a\u00f1os, su madurez actual habla un poco de eso y de c\u00f3mo Bruno Sansimoni viene evolucionando seg\u00fan pasan las temporadas. Ahora, los que disfrutan de su juego, son los de la otra mitad de Mar del Plata, los de Pe\u00f1arol.<\/p>\n<p>&nbsp;<\/p>\n<p>Olavarr\u00eda y Mar de la Plata est\u00e1n separadas por 274 kil\u00f3metros y por consiguiente los enfrentamientos entre equipos de ambas ciudades y selecciones son frecuentes y all\u00ed radica el punto inicial de la historia de Bruno como profesional.<\/p>\n<p>&nbsp;<\/p>\n<p>Un primer paso en Ferro de su ciudad, para luego desarrollarse en las formativas de Estudiantes y por \u00faltimo, un torneo de clubes de mayores siendo juvenil, jugando nuevamente para Ferro de Olavarr\u00eda. Esa fue la \u00faltima estocada para que un par de clubes de la zona se interesen en ese adolescente armador en busca de potenciarlo. Los reflectores de los clubes con Liga Nacional fueron importantes pero no definitivos para un dubitativo Bruno, que a\u00fan no se animaba.<\/p>\n<p>&nbsp;<\/p>\n<p>\u201c<em>A a los 17 a\u00f1os, en mi \u00faltimo a\u00f1o de escuela, \u00a0hab\u00eda dos o tres equipos interesados que me quer\u00edan para agosto, pero coincid\u00eda con que me quedan dos o tres meses para terminar el secundario y de hecho no ten\u00eda definido si me iba a dedicar al b\u00e1squet o estudiar. Es m\u00e1s, cuando vine a Mar del Plata me hab\u00eda anotado para estudiar y jugar, pero despu\u00e9s por cuestiones de tiempo y elecci\u00f3n no segu\u00ed con el estudio y me met\u00ed de lleno al b\u00e1squet. Aunque ahora con el tiempo siento que todav\u00eda es una cuenta pendiente hacer una carrera en la universidad<\/em>&#8220;, cont\u00f3 sobre sus inicios en el profesionalismo.<\/p>\n<p>&nbsp;<\/p>\n<p>En Olavarr\u00eda el b\u00e1squet tuvo su punto m\u00e1s alto cuando el Estudiantes dirigido por Sergio Hern\u00e1ndez se consagraba bicampe\u00f3n de la competencia. En ese entonces un peque\u00f1o andaba a las corridas por el Maxi, mamando la pasi\u00f3n casi que sin darse cuenta: \u201c<em>No me acuerdo nada de ese Estudiantes, ten\u00eda cinco o seis. Lo que s\u00ed recuerdo era ir a la cancha y estar jugando, corriendo abajo de las tribunas del Maxi y tambi\u00e9n que en los videos que hay de esos partidos en algunos me veo en las tribunas, eso es lo que m\u00e1s me qued\u00f3 de esa \u00e9poca de Estudiantes campe\u00f3n<\/em>&#8220;.<\/p>\n<p>&nbsp;<\/p>\n<p>A temprana edad la herencia familiar para los deportes es casi un mandato, se puede no seguir el mismo camino, pero al menos una vez m\u00e1s el m\u00e1s chico, por iniciativa propia o de los padres, prueba el mismo deporte que el hermano mayor o un primo como en este caso, donde Ale Diez, jugador actual de Comunicaciones de Corrientes, siempre fue un referente para el \u201cChule\u201d.<\/p>\n<p>&nbsp;<\/p>\n<p>\u201c<strong><em>De chico siempre gustaba ir a jugar a entrenar y me lo tomaba con responsabilidad, nunca plane\u00e9 jugar al b\u00e1squet profesionalmente se fue dando. <\/em><\/strong><em>Obviamente que tener a Ale en la familia era una ventaja para m\u00ed, ya que lo tengo como referente y cuando di primeros pasos e incluso ahora siempre estuvo pendiente de m\u00ed. Estoy muy agradecido con \u00e9l, ojal\u00e1 alg\u00fan d\u00eda podamos jugar juntos es una cuenta pendiente que tenemos<\/em>&#8220;, asegur\u00f3.<\/p>\n<p>&nbsp;<\/p>\n<p>Ese jugar juntos es un anhelo que viene acarre\u00e1ndose desde Olavarr\u00eda y seguramente tambi\u00e9n en alguna charla previa a un cl\u00e1sico de Mar del Plata, donde los primos a pesar de jugar en equipos opuestos, un par de veces llegaron juntos al Polideportivo.<\/p>\n<p>&nbsp;<\/p>\n<p>&#8220;<em>Raro era enfrentarnos m\u00e1s que nada, no tanto por la rivalidad del cl\u00e1sico. De hecho hemos ido juntos a alg\u00fan que otro partido y despu\u00e9s del partido nos hemos juntado a comer, dejando la oposici\u00f3n deportiva dentro de la cancha nada m\u00e1s<\/em>\u201d, confes\u00f3 el armador.<\/p>\n<p>&nbsp;<\/p>\n<p>El segundo paso de su vida deportiva fue nada m\u00e1s y nada menos que en Boca Juniors, equipo del cual es fan\u00e1tico y al cual iba a ver con su padre desde Olavarr\u00eda cada domingo que se pod\u00eda. La locura de agarrar la ruta e ir y venir en el d\u00eda para alentar a Rom\u00e1n y compa\u00f1\u00eda, siendo parte de la banda sonora de la Doce. Sobre como sinti\u00f3 ser jugador de Boca y de si dud\u00f3 en cambiar a Quilmes por el \u201cXeneize\u201d, Bruno asegur\u00f3: \u201c<em>En la familia somos todos hinchas de Boca fan\u00e1ticos, de ir a la cancha si es posible. As\u00ed que imag\u00ednate para m\u00ed lo que fue jugar en el club, haber estado esos dos a\u00f1os en el mundo Boca hizo que me interiorice un poco m\u00e1s en todos los deportes, no solo en el f\u00fatbol. Para m\u00ed fue un orgullo, lo disfrut\u00e9 mucho estar ah\u00ed, viv\u00ed una experiencia muy linda y estoy muy agradecido al club<\/em>&#8220;.<\/p>\n<p>&nbsp;<\/p>\n<p>&#8220;<em>No me perd\u00ed ning\u00fan partido, lo exprim\u00ed al m\u00e1ximo eso y es una de los cosas que me agradezco de haber estado en Boca. Cuando me llam\u00f3 Gustavo mi representante para ir a Boca ni lo pens\u00e9, le dije que le d\u00e9 para adelante<\/em>&#8220;, asegur\u00f3.<\/p>\n<p>&nbsp;<\/p>\n<p>Si bien en Boca no estuvo mal la experiencia y hubo un crecimiento deportivo, en Hispano lleg\u00f3 el afianzarse, el ser un jugador mayor y asumir las responsabilidades del caso, m\u00e1s all\u00e1 de las que implica el solo hecho de ser el base del equipo. Bajo el ala de Gabriel Piccato, Sansimoni pone a su estad\u00eda en el elenco de R\u00edo Gallegos como un punto de inflexi\u00f3n en su carrera.<\/p>\n<p>&nbsp;<\/p>\n<figure id=\"attachment_963\" aria-describedby=\"caption-attachment-963\" style=\"width: 1280px\" class=\"wp-caption aligncenter\"><img data-recalc-dims=\"1\" loading=\"lazy\" decoding=\"async\" class=\"size-full wp-image-963\" src=\"https:\/\/i0.wp.com\/centraldeportes.com.ar\/wp-content\/uploads\/2021\/06\/sansimoni-2.jpeg?resize=800%2C599\" alt=\"\" width=\"800\" height=\"599\" \/><figcaption id=\"caption-attachment-963\" class=\"wp-caption-text\">Fotos: Marcelo Endelli<\/figcaption><\/figure>\n<p>&nbsp;<\/p>\n<p>&#8220;E<em>n Hispano tuvimos la suerte que grupalmente nos fue muy bien, pudimos meternos en Playoffs cumpliendo el objetivo que nos hab\u00edamos propuesto a principios de a\u00f1o. Individualmente me sent\u00ed muy bien, muy a gusto con lo que Gabriel propon\u00eda, me dio la libertad para jugar y ser yo. Es un t\u00e9cnico con una visi\u00f3n muy particular del b\u00e1squet y con quien aprend\u00ed mucho en el tiempo que compartimos<\/em>&#8220;, indic\u00f3 y ratific\u00f3 lo que se vio de afuera, un punto m\u00e1s de madurez en su juego y la confianza que le dio Piccato para ese crecimiento.<\/p>\n<p>&nbsp;<\/p>\n<p>Leandro Ramella es otro de los nombres propios que marc\u00f3 a Bruno. El ahora entrenador de Pe\u00f1arol lo conoci\u00f3 a Bruno en un Argentino de cadetes en Comodoro Rivadavia y desde all\u00ed comenz\u00f3 una relaci\u00f3n que a\u00fan se mantiene en el tiempo y que por ejemplo hizo que su llegada a Pe\u00f1arol fuera factible desde un primer momento.<\/p>\n<p>&nbsp;<\/p>\n<p>\u201c<em>Obviamente que venir a Pe\u00f1arol tuvo mucho que ver Leandro y estoy contento con la decisi\u00f3n que tom\u00e9. Me han tratado con mucho respeto, de la mejor manera y yo trato de manejarme igual, esto para mi es trabajo, ahora me debo a Pe\u00f1arol y voy a hacer todo lo posible para poder ganar y al equipo le vaya lo mejor posible<\/em>&#8220;, coment\u00f3.<\/p>\n<p>&nbsp;<\/p>\n<p>En el S\u00faper 20 Pe\u00f1arol ha sabido competir contra todos, ha ganado partidos y dejado escapar otros, pero en l\u00edneas generales las sensaciones fueron positivas, sabiendo que hay material para trabajar. En esa racha de entrada donde el Milrayita gan\u00f3 tres de los primeros cuatro partidos, mucho se lo debe a la buena tarea de Bruno Sansimoni, quien promedi\u00f3 13.3 puntos y 3.8 asistencias, adem\u00e1s de tener partidos de 25 puntos como en el estreno ante Uni\u00f3n.<\/p>\n<p>&nbsp;<\/p>\n<p>Sobre su actualidad en Pe\u00f1arol, el olavarriense sostuvo: \u201c<em>Me sent\u00ed muy bien en el S\u00faper 20 con confianza para jugar y con la tranquilidad que me brindan Leandro y los compa\u00f1eros. A\u00f1o a a\u00f1o me voy sintiendo un poquito mejor en cuanto al f\u00edsico, el juego, aprendiendo cosas e incorporando tambi\u00e9n detalles en lo individual y esperando que sea un buen a\u00f1o para todos<\/em>&#8220;.<\/p>\n<p>&nbsp;<\/p>\n<p><img data-recalc-dims=\"1\" loading=\"lazy\" decoding=\"async\" class=\"aligncenter size-full wp-image-6543\" src=\"https:\/\/i0.wp.com\/centraldeportes.com.ar\/wp-content\/uploads\/2021\/10\/dsc_2491_9a.jpg?resize=800%2C533\" alt=\"\" width=\"800\" height=\"533\" \/><\/p>\n<p>&nbsp;<\/p>\n<p>La evoluci\u00f3n va desde lo mental a lo f\u00edsico, pasando por lo t\u00e9cnico y t\u00e1ctico, Bruno Sansimoni viene completando casilleros y este a\u00f1o, en su vuelta a Mar del Plata, quiere corroborar esas buenas sensaciones con un Milrayitas encumbrado y luchando por los playoffs, a la medida de su historia.<\/p>\n<p>&nbsp;<\/p>\n<p>Fuente: Mauro Osores para B\u00e1squet Plus<\/p>\n","protected":false},"excerpt":{"rendered":"<p>El deportista olavarriense que integra uno de los planteles de la \u00e9lite del b\u00e1squet nacional brind\u00f3 una exhaustiva entrevista a<\/p>\n","protected":false},"author":96739694,"featured_media":144649,"comment_status":"closed","ping_status":"closed","sticky":false,"template":"","format":"standard","meta":{"_jetpack_memberships_contains_paid_content":false,"footnotes":""},"categories":[31,36,1],"tags":[],"class_list":["post-144648","post","type-post","status-publish","format-standard","has-post-thumbnail","hentry","category-basquet","category-liga-nacional","category-portada"],"jetpack_featured_media_url":"https:\/\/i0.wp.com\/cdnoticias.com\/wp-content\/uploads\/2021\/11\/Bruno-Sansimoni.jpg?fit=754%2C465&ssl=1","jetpack_sharing_enabled":true,"_links":{"self":[{"href":"https:\/\/cdnoticias.com\/index.php\/wp-json\/wp\/v2\/posts\/144648","targetHints":{"allow":["GET"]}}],"collection":[{"href":"https:\/\/cdnoticias.com\/index.php\/wp-json\/wp\/v2\/posts"}],"about":[{"href":"https:\/\/cdnoticias.com\/index.php\/wp-json\/wp\/v2\/types\/post"}],"author":[{"embeddable":true,"href":"https:\/\/cdnoticias.com\/index.php\/wp-json\/wp\/v2\/users\/96739694"}],"replies":[{"embeddable":true,"href":"https:\/\/cdnoticias.com\/index.php\/wp-json\/wp\/v2\/comments?post=144648"}],"version-history":[{"count":0,"href":"https:\/\/cdnoticias.com\/index.php\/wp-json\/wp\/v2\/posts\/144648\/revisions"}],"wp:featuredmedia":[{"embeddable":true,"href":"https:\/\/cdnoticias.com\/index.php\/wp-json\/wp\/v2\/media\/144649"}],"wp:attachment":[{"href":"https:\/\/cdnoticias.com\/index.php\/wp-json\/wp\/v2\/media?parent=144648"}],"wp:term":[{"taxonomy":"category","embeddable":true,"href":"https:\/\/cdnoticias.com\/index.php\/wp-json\/wp\/v2\/categories?post=144648"},{"taxonomy":"post_tag","embeddable":true,"href":"https:\/\/cdnoticias.com\/index.php\/wp-json\/wp\/v2\/tags?post=144648"}],"curies":[{"name":"wp","href":"https:\/\/api.w.org\/{rel}","templated":true}]}}