{"id":144633,"date":"2021-11-03T01:25:53","date_gmt":"2021-11-03T04:25:53","guid":{"rendered":"http:\/\/centraldeportes.com.ar\/?p=7316"},"modified":"2021-11-03T01:25:53","modified_gmt":"2021-11-03T04:25:53","slug":"el-carbonero-volvio-a-ganar-y-sigue-liderando-el-torneo-oficial","status":"publish","type":"post","link":"https:\/\/cdnoticias.com\/index.php\/2021\/11\/03\/el-carbonero-volvio-a-ganar-y-sigue-liderando-el-torneo-oficial\/","title":{"rendered":"El \u201cCarbonero\u201d volvi\u00f3 a ganar y sigue liderando el Torneo Oficial"},"content":{"rendered":"<p>En la noche de este martes y en el Buglione Martinese, inici\u00f3 una nueva fecha del Torneo Oficial y fue con victoria de Ferro por 2 a 1 ante El Provincial.<!--more--><\/p>\n<hr \/>\n<p>Luego de la suspensi\u00f3n por mal tiempo del pasado domingo, inici\u00f3 la 9\u00b0 fecha del Torneo Oficial de Primera Divisi\u00f3n y fue con victoria del l\u00edder que encontr\u00f3 los goles a trav\u00e9s de Lorenzo Ferrara e Ignacio Pierce de penal; el descuento fue de Juan Lallana.<\/p>\n<p>&nbsp;<\/p>\n<p>Fue parejo el primer tiempo, El Provincial logr\u00f3 generar peligro a trav\u00e9s de sus delanteros y los dirigidos por el debutante Gustavo Romanello, inquietaron con desbordes de Schwindt que buscaron a Ignacio Pierce y Lorenzo Ferrara que no pudieron convertir.<\/p>\n<p>&nbsp;<\/p>\n<p>[soliloquy slug=&#8221;ferro-el-provincial&#8221;]<\/p>\n<p>&nbsp;<\/p>\n<p>En el segundo tiempo, los cambios surgieron efecto en el equipo que fue local en el estadio de Racing y se qued\u00f3 con los tres puntos que le permiten seguir siendo l\u00edder del \u201cNorberto Desanzo\u201d.<\/p>\n<p>&nbsp;<\/p>\n<p>La fecha proseguir\u00e1 en el transcurso del mi\u00e9rcoles donde se destaca el cruce entre los escoltas, El Fort\u00edn vs Racing en el Ricardo S\u00e1nchez.<\/p>\n","protected":false},"excerpt":{"rendered":"<p>En la noche de este martes y en el Buglione Martinese, inici\u00f3 una nueva fecha del Torneo Oficial y fue<\/p>\n","protected":false},"author":96739694,"featured_media":144634,"comment_status":"closed","ping_status":"closed","sticky":false,"template":"","format":"standard","meta":{"_jetpack_memberships_contains_paid_content":false,"footnotes":""},"categories":[35,1,41],"tags":[],"class_list":["post-144633","post","type-post","status-publish","format-standard","has-post-thumbnail","hentry","category-futbol","category-portada","category-primera-y-reserva"],"jetpack_featured_media_url":"https:\/\/i0.wp.com\/cdnoticias.com\/wp-content\/uploads\/2021\/11\/ferro-elprovincial-1.png?fit=1280%2C853&ssl=1","jetpack_sharing_enabled":true,"_links":{"self":[{"href":"https:\/\/cdnoticias.com\/index.php\/wp-json\/wp\/v2\/posts\/144633","targetHints":{"allow":["GET"]}}],"collection":[{"href":"https:\/\/cdnoticias.com\/index.php\/wp-json\/wp\/v2\/posts"}],"about":[{"href":"https:\/\/cdnoticias.com\/index.php\/wp-json\/wp\/v2\/types\/post"}],"author":[{"embeddable":true,"href":"https:\/\/cdnoticias.com\/index.php\/wp-json\/wp\/v2\/users\/96739694"}],"replies":[{"embeddable":true,"href":"https:\/\/cdnoticias.com\/index.php\/wp-json\/wp\/v2\/comments?post=144633"}],"version-history":[{"count":0,"href":"https:\/\/cdnoticias.com\/index.php\/wp-json\/wp\/v2\/posts\/144633\/revisions"}],"wp:featuredmedia":[{"embeddable":true,"href":"https:\/\/cdnoticias.com\/index.php\/wp-json\/wp\/v2\/media\/144634"}],"wp:attachment":[{"href":"https:\/\/cdnoticias.com\/index.php\/wp-json\/wp\/v2\/media?parent=144633"}],"wp:term":[{"taxonomy":"category","embeddable":true,"href":"https:\/\/cdnoticias.com\/index.php\/wp-json\/wp\/v2\/categories?post=144633"},{"taxonomy":"post_tag","embeddable":true,"href":"https:\/\/cdnoticias.com\/index.php\/wp-json\/wp\/v2\/tags?post=144633"}],"curies":[{"name":"wp","href":"https:\/\/api.w.org\/{rel}","templated":true}]}}