{"id":144618,"date":"2021-10-28T17:48:08","date_gmt":"2021-10-28T20:48:08","guid":{"rendered":"http:\/\/centraldeportes.com.ar\/?p=7076"},"modified":"2021-10-28T17:48:08","modified_gmt":"2021-10-28T20:48:08","slug":"estudiantes-tuvo-amistosos-en-el-macro-y-racing-viaja-a-san-juan-a-un-nacional","status":"publish","type":"post","link":"https:\/\/cdnoticias.com\/index.php\/2021\/10\/28\/estudiantes-tuvo-amistosos-en-el-macro-y-racing-viaja-a-san-juan-a-un-nacional\/","title":{"rendered":"Estudiantes tuvo amistosos en el Macro y Racing viaja a San Juan a un Nacional"},"content":{"rendered":"<p>El pasado fin de semana Estudiantes tuvo actividad en el Macrogimnasio del Parque Guerrero, mientras que Racing se prepara para viajar a San Juan a jugar un Torneo Nacional.<!--more--><\/p>\n<hr \/>\n<p>Estudiantes recibi\u00f3 a Azul Handball para dos amistosos de Primera Divisi\u00f3n masculina y femenina para sumar minutos de preparaci\u00f3n a pesar de que se computaron los tanteadores.<\/p>\n<p>&nbsp;<\/p>\n<p>Por otro lado, Racing con su equipo de Cadetes Masculino competir\u00e1 desde el venidero 2 de noviembre en el Torneo Nacional de categor\u00eda C en Pocitos, San Juan.<\/p>\n<p>&nbsp;<\/p>\n<p>El equipo \u201cChaira\u201d representar\u00e1 a la Federaci\u00f3n Atl\u00e1ntica de Balonmano y la delegaci\u00f3n estar\u00e1 compuesta por Santiago Bar\u00f3n Calvo, Ezequiel G\u00f3mez, Lautaro Rea, Guido Maurutto, Lucas Lencina, Franco Gallo, Tom\u00e1s Ruiz, Lucas Oliv\u00e1n, Joaqu\u00edn Francisco, Genaro S\u00e1nchez, Agust\u00edn \u00c1lvarez, Federico Marina, Lorenzo Leonardi, Tom\u00e1s Mosquera, Santiago Villarreal y Franco De Gregorio y los entrenadores Laura Laffitte y Guillermo Eluchans.<\/p>\n","protected":false},"excerpt":{"rendered":"<p>El pasado fin de semana Estudiantes tuvo actividad en el Macrogimnasio del Parque Guerrero, mientras que Racing se prepara para<\/p>\n","protected":false},"author":96739694,"featured_media":144619,"comment_status":"closed","ping_status":"closed","sticky":false,"template":"","format":"standard","meta":{"_jetpack_memberships_contains_paid_content":false,"footnotes":""},"categories":[30,1],"tags":[],"class_list":["post-144618","post","type-post","status-publish","format-standard","has-post-thumbnail","hentry","category-polideportivo","category-portada"],"jetpack_featured_media_url":"https:\/\/i0.wp.com\/cdnoticias.com\/wp-content\/uploads\/2021\/10\/marca.png?fit=1280%2C853&ssl=1","jetpack_sharing_enabled":true,"_links":{"self":[{"href":"https:\/\/cdnoticias.com\/index.php\/wp-json\/wp\/v2\/posts\/144618","targetHints":{"allow":["GET"]}}],"collection":[{"href":"https:\/\/cdnoticias.com\/index.php\/wp-json\/wp\/v2\/posts"}],"about":[{"href":"https:\/\/cdnoticias.com\/index.php\/wp-json\/wp\/v2\/types\/post"}],"author":[{"embeddable":true,"href":"https:\/\/cdnoticias.com\/index.php\/wp-json\/wp\/v2\/users\/96739694"}],"replies":[{"embeddable":true,"href":"https:\/\/cdnoticias.com\/index.php\/wp-json\/wp\/v2\/comments?post=144618"}],"version-history":[{"count":0,"href":"https:\/\/cdnoticias.com\/index.php\/wp-json\/wp\/v2\/posts\/144618\/revisions"}],"wp:featuredmedia":[{"embeddable":true,"href":"https:\/\/cdnoticias.com\/index.php\/wp-json\/wp\/v2\/media\/144619"}],"wp:attachment":[{"href":"https:\/\/cdnoticias.com\/index.php\/wp-json\/wp\/v2\/media?parent=144618"}],"wp:term":[{"taxonomy":"category","embeddable":true,"href":"https:\/\/cdnoticias.com\/index.php\/wp-json\/wp\/v2\/categories?post=144618"},{"taxonomy":"post_tag","embeddable":true,"href":"https:\/\/cdnoticias.com\/index.php\/wp-json\/wp\/v2\/tags?post=144618"}],"curies":[{"name":"wp","href":"https:\/\/api.w.org\/{rel}","templated":true}]}}