{"id":144598,"date":"2021-10-30T16:49:57","date_gmt":"2021-10-30T19:49:57","guid":{"rendered":"http:\/\/centraldeportes.com.ar\/?p=7110"},"modified":"2021-10-30T16:49:57","modified_gmt":"2021-10-30T19:49:57","slug":"dio-inicio-la-7-edicion-del-bataracito","status":"publish","type":"post","link":"https:\/\/cdnoticias.com\/index.php\/2021\/10\/30\/dio-inicio-la-7-edicion-del-bataracito\/","title":{"rendered":"Dio inicio la 7\u00b0 edici\u00f3n del \u201cBataracito\u201d"},"content":{"rendered":"<p>Este s\u00e1bado a primera hora dio inicio una nueva edici\u00f3n del tradicional \u201cBataracito\u201d para el v\u00f3ley formativo de la Provincia de Buenos Aires.<\/p>\n<p><!--more--><\/p>\n<hr \/>\n<p>Comenz\u00f3 la 7\u00b0 edici\u00f3n del \u201cBataracito\u201d con una gran cantidad de equipos participantes desde las categor\u00edas Sub13 a Sub18 en ambas ramas.<\/p>\n<p>&nbsp;<\/p>\n<p>Organizado por el plantel de profesores y la subcomisi\u00f3n de voley del CAE, este a\u00f1o el evento contar\u00e1 con la participaci\u00f3n de 63 equipos de m\u00e1s de 14 ciudades: Mar del Plata, Bah\u00eda Blanca, Las Flores, Capital Federal, Dolores, Balcarce, Azul, Tandil, Bol\u00edvar, Gral Belgrano, Coronel Su\u00e1rez, Mar Chiquita, Olavarr\u00eda y Conurbano Bonaerense.<\/p>\n<p>&nbsp;<\/p>\n<p>El certamen constar\u00e1 de 174 partidos, 99 el s\u00e1bado y 75 el domingo, en 11 canchas, de las cuales 7 ser\u00e1n en el Club Estudiantes.<\/p>\n<p>&nbsp;<\/p>\n<p>[soliloquy slug=&#8221;bataracito&#8221;]<\/p>\n<p>&nbsp;<\/p>\n<p>Este torneo, que comenz\u00f3 con equipos locales y de la regi\u00f3n, poco a poco fue creciendo hasta convertirse en un evento esperado y consolidado dentro del calendario del voley provincial. En 2019 se nombr\u00f3 padrino del Bataracito a Jos\u00e9 Montesano.<\/p>\n<p>&nbsp;<\/p>\n<p>Las finales de la competencia se llevar\u00e1n a cabo el pr\u00f3ximo domingo desde las 18:00.<\/p>\n","protected":false},"excerpt":{"rendered":"<p>Este s\u00e1bado a primera hora dio inicio una nueva edici\u00f3n del tradicional \u201cBataracito\u201d para el v\u00f3ley formativo de la Provincia<\/p>\n","protected":false},"author":96739694,"featured_media":144599,"comment_status":"closed","ping_status":"closed","sticky":false,"template":"","format":"standard","meta":{"_jetpack_memberships_contains_paid_content":false,"footnotes":""},"categories":[30,1],"tags":[],"class_list":["post-144598","post","type-post","status-publish","format-standard","has-post-thumbnail","hentry","category-polideportivo","category-portada"],"jetpack_featured_media_url":"https:\/\/i0.wp.com\/cdnoticias.com\/wp-content\/uploads\/2021\/10\/bataracito-1.png?fit=1280%2C853&ssl=1","jetpack_sharing_enabled":true,"_links":{"self":[{"href":"https:\/\/cdnoticias.com\/index.php\/wp-json\/wp\/v2\/posts\/144598","targetHints":{"allow":["GET"]}}],"collection":[{"href":"https:\/\/cdnoticias.com\/index.php\/wp-json\/wp\/v2\/posts"}],"about":[{"href":"https:\/\/cdnoticias.com\/index.php\/wp-json\/wp\/v2\/types\/post"}],"author":[{"embeddable":true,"href":"https:\/\/cdnoticias.com\/index.php\/wp-json\/wp\/v2\/users\/96739694"}],"replies":[{"embeddable":true,"href":"https:\/\/cdnoticias.com\/index.php\/wp-json\/wp\/v2\/comments?post=144598"}],"version-history":[{"count":0,"href":"https:\/\/cdnoticias.com\/index.php\/wp-json\/wp\/v2\/posts\/144598\/revisions"}],"wp:featuredmedia":[{"embeddable":true,"href":"https:\/\/cdnoticias.com\/index.php\/wp-json\/wp\/v2\/media\/144599"}],"wp:attachment":[{"href":"https:\/\/cdnoticias.com\/index.php\/wp-json\/wp\/v2\/media?parent=144598"}],"wp:term":[{"taxonomy":"category","embeddable":true,"href":"https:\/\/cdnoticias.com\/index.php\/wp-json\/wp\/v2\/categories?post=144598"},{"taxonomy":"post_tag","embeddable":true,"href":"https:\/\/cdnoticias.com\/index.php\/wp-json\/wp\/v2\/tags?post=144598"}],"curies":[{"name":"wp","href":"https:\/\/api.w.org\/{rel}","templated":true}]}}