{"id":144595,"date":"2021-10-30T19:41:09","date_gmt":"2021-10-30T22:41:09","guid":{"rendered":"http:\/\/centraldeportes.com.ar\/?p=7140"},"modified":"2021-10-30T19:41:09","modified_gmt":"2021-10-30T22:41:09","slug":"atletas-fortineros-en-mar-del-plata-en-el-campeonato-provincial-sub16","status":"publish","type":"post","link":"https:\/\/cdnoticias.com\/index.php\/2021\/10\/30\/atletas-fortineros-en-mar-del-plata-en-el-campeonato-provincial-sub16\/","title":{"rendered":"Atletas \u201cFortineros\u201d en Mar del Plata en el Campeonato Provincial Sub16"},"content":{"rendered":"<p>Entre s\u00e1bado y domingo se lleva a cabo en la pista \u201cJusto Rom\u00e1n\u201d el Campeonato Provincial Sub16 y cuatro atletas de El Fort\u00edn viajaron a participar.<\/p>\n<p><!--more--><\/p>\n<hr \/>\n<p>Juana Martinefsky, Clara Rudolf, Agust\u00edn Bustos y Valentino Escaig iniciaron este s\u00e1bado su participaci\u00f3n en la competencia que otorga clasificaciones al Torneo Nacional de la categor\u00eda.<\/p>\n<p>&nbsp;<\/p>\n<p>En lo que respecta a resultados, los varones se presentaron en los 110 metros con vallas y el mejor posicionado fue Agust\u00edn Burgos que logr\u00f3 la 10\u00b0 posici\u00f3n en la tabla general tras ser tercero en su serie con un registro de 19.68 y Valnet\u00edn Escaig ocup\u00f3 la posici\u00f3n 13\u00b0 con un tiempo de 19.74.<\/p>\n<p>&nbsp;<\/p>\n<p>Las Damas, por su parte se presentaron en los 80 metros donde Juana Martinefsky logr\u00f3 la clasificaci\u00f3n a la Final con un tiempo de 10.51 y en la \u00faltima carrera fue cuarta con un tiempo de 10.49. Clara Rudolf fue sexta en su serie con 12.22.<\/p>\n<p>&nbsp;<\/p>\n<p>La actividad finalizar\u00e1 el domingo donde las adolescentes se presentar\u00e1n en los 200 metros y los varones har\u00e1n lo propio en 295 metros con vallas. Adem\u00e1s, Clara Rudolf dir\u00e1 presente en los 80 metros con vallas.<\/p>\n","protected":false},"excerpt":{"rendered":"<p>Entre s\u00e1bado y domingo se lleva a cabo en la pista \u201cJusto Rom\u00e1n\u201d el Campeonato Provincial Sub16 y cuatro atletas<\/p>\n","protected":false},"author":96739694,"featured_media":144577,"comment_status":"closed","ping_status":"closed","sticky":false,"template":"","format":"standard","meta":{"_jetpack_memberships_contains_paid_content":false,"footnotes":""},"categories":[38,1],"tags":[],"class_list":["post-144595","post","type-post","status-publish","format-standard","has-post-thumbnail","hentry","category-pedestrismo","category-portada"],"jetpack_featured_media_url":"https:\/\/i0.wp.com\/cdnoticias.com\/wp-content\/uploads\/2021\/10\/atletismo-1.png?fit=1280%2C853&ssl=1","jetpack_sharing_enabled":true,"_links":{"self":[{"href":"https:\/\/cdnoticias.com\/index.php\/wp-json\/wp\/v2\/posts\/144595","targetHints":{"allow":["GET"]}}],"collection":[{"href":"https:\/\/cdnoticias.com\/index.php\/wp-json\/wp\/v2\/posts"}],"about":[{"href":"https:\/\/cdnoticias.com\/index.php\/wp-json\/wp\/v2\/types\/post"}],"author":[{"embeddable":true,"href":"https:\/\/cdnoticias.com\/index.php\/wp-json\/wp\/v2\/users\/96739694"}],"replies":[{"embeddable":true,"href":"https:\/\/cdnoticias.com\/index.php\/wp-json\/wp\/v2\/comments?post=144595"}],"version-history":[{"count":0,"href":"https:\/\/cdnoticias.com\/index.php\/wp-json\/wp\/v2\/posts\/144595\/revisions"}],"wp:featuredmedia":[{"embeddable":true,"href":"https:\/\/cdnoticias.com\/index.php\/wp-json\/wp\/v2\/media\/144577"}],"wp:attachment":[{"href":"https:\/\/cdnoticias.com\/index.php\/wp-json\/wp\/v2\/media?parent=144595"}],"wp:term":[{"taxonomy":"category","embeddable":true,"href":"https:\/\/cdnoticias.com\/index.php\/wp-json\/wp\/v2\/categories?post=144595"},{"taxonomy":"post_tag","embeddable":true,"href":"https:\/\/cdnoticias.com\/index.php\/wp-json\/wp\/v2\/tags?post=144595"}],"curies":[{"name":"wp","href":"https:\/\/api.w.org\/{rel}","templated":true}]}}