{"id":14453,"date":"2021-02-22T18:49:03","date_gmt":"2021-02-22T21:49:03","guid":{"rendered":"http:\/\/www.centraldenoticias.com.ar\/?p=14453"},"modified":"2021-02-22T18:59:12","modified_gmt":"2021-02-22T21:59:12","slug":"vacunacion-vip-el-ministerio-dio-a-conocer-el-listado-de-vacunados-por-el-hospital-posadas","status":"publish","type":"post","link":"https:\/\/cdnoticias.com\/index.php\/2021\/02\/22\/vacunacion-vip-el-ministerio-dio-a-conocer-el-listado-de-vacunados-por-el-hospital-posadas\/","title":{"rendered":"Vacunaci\u00f3n VIP: El Ministerio dio a conocer el listado de vacunados por el Hospital Posadas"},"content":{"rendered":"<p>El documento fue dado a conocer en la tarde de este lunes e incluye a quienes recibieron dosis por parte de personal del Hospital Posadas en la sede del Ministerio, como el caso de Verbitsky. El listado completo.<!--more--><\/p>\n<hr \/>\n<p>El esc\u00e1ndalo de la vacunaci\u00f3n VIP a\u00fan contin\u00faa y las r\u00e9plicas parece que no se limitar\u00e1n a la <a href=\"https:\/\/cdnoticias.com\/index.php\/2021\/02\/19\/vacunaciones-vip-el-presidente-le-pidio-la-renuncia-a-gines-gonzalez-garcia\/\" target=\"_blank\" rel=\"noopener\">salida del ahora ex ministro Gin\u00e9s Gonz\u00e1lez<\/a> Garc\u00eda. La novedad ahora est\u00e1 dada en que<strong> desde el Ministerio de Salud de la Naci\u00f3n se dio a conocer un documento oficial en el que se detallan los nombres de las personas vacunada en el Hospital Posadas, adem\u00e1s de aquellas que recibieron su dosis por personal de ese centro asistencial pero en la sede ministerial<\/strong>.<\/p>\n<p>&nbsp;<\/p>\n<p>Esta salvedad no es menor,\u00a0 ya que <strong>en esas condiciones fue donde se dio efectivamente la vacunaci\u00f3n a Horacio Verbitsky, situaci\u00f3n que desat\u00f3 la pol\u00e9mica.<\/strong><\/p>\n<p>&nbsp;<\/p>\n<p>\u201cPor pedido expreso de la <a href=\"https:\/\/cdnoticias.com\/index.php\/2021\/02\/20\/carla-vizzotti-juro-como-ministra-de-salud-de-la-nacion\/\" target=\"_blank\" rel=\"noopener\">Ministra de Salud de la Naci\u00f3n, Dra. Carla Vizzotti<\/a> se requiri\u00f3 al Hospital Posadas y a las \u00e1reas involucradas de la cartera sanitaria nacional, el listado de personas vacunadas a requerimiento del Ministerio de Salud. Asimismo, se instruy\u00f3 la auditor\u00eda del registro nominal\u201d, puede leerse en el inicio del documento antes de pasar al detalle nombre por nombre.<\/p>\n<p>&nbsp;<\/p>\n<p><em><strong>El listado completo<\/strong><\/em><\/p>\n<p><iframe loading=\"lazy\" class=\"scribd_iframe_embed\" title=\"Listado Final Ministerio de Salud (1)\" src=\"https:\/\/www.scribd.com\/embeds\/495564586\/content?start_page=1&amp;view_mode=scroll&amp;access_key=key-zYUUQrKdslazqaWJCVMB\" width=\"100%\" height=\"600\" frameborder=\"0\" scrolling=\"no\" data-auto-height=\"true\" data-aspect-ratio=\"0.7080062794348508\"><\/iframe><\/p>\n<p>&nbsp;<\/p>\n<p><em>Fuente T\u00e9lam<\/em><\/p>\n","protected":false},"excerpt":{"rendered":"<p>El documento fue dado a conocer en la tarde de este lunes e incluye a quienes recibieron dosis por parte<\/p>\n","protected":false},"author":3,"featured_media":13823,"comment_status":"closed","ping_status":"closed","sticky":false,"template":"","format":"standard","meta":{"_jetpack_memberships_contains_paid_content":false,"footnotes":""},"categories":[6,1],"tags":[],"class_list":["post-14453","post","type-post","status-publish","format-standard","has-post-thumbnail","hentry","category-nacionales","category-portada"],"jetpack_featured_media_url":"https:\/\/i0.wp.com\/cdnoticias.com\/wp-content\/uploads\/2021\/02\/WhatsApp-Image-2021-02-15-at-14.34.26.jpeg?fit=1280%2C786&ssl=1","jetpack_sharing_enabled":true,"_links":{"self":[{"href":"https:\/\/cdnoticias.com\/index.php\/wp-json\/wp\/v2\/posts\/14453","targetHints":{"allow":["GET"]}}],"collection":[{"href":"https:\/\/cdnoticias.com\/index.php\/wp-json\/wp\/v2\/posts"}],"about":[{"href":"https:\/\/cdnoticias.com\/index.php\/wp-json\/wp\/v2\/types\/post"}],"author":[{"embeddable":true,"href":"https:\/\/cdnoticias.com\/index.php\/wp-json\/wp\/v2\/users\/3"}],"replies":[{"embeddable":true,"href":"https:\/\/cdnoticias.com\/index.php\/wp-json\/wp\/v2\/comments?post=14453"}],"version-history":[{"count":0,"href":"https:\/\/cdnoticias.com\/index.php\/wp-json\/wp\/v2\/posts\/14453\/revisions"}],"wp:featuredmedia":[{"embeddable":true,"href":"https:\/\/cdnoticias.com\/index.php\/wp-json\/wp\/v2\/media\/13823"}],"wp:attachment":[{"href":"https:\/\/cdnoticias.com\/index.php\/wp-json\/wp\/v2\/media?parent=14453"}],"wp:term":[{"taxonomy":"category","embeddable":true,"href":"https:\/\/cdnoticias.com\/index.php\/wp-json\/wp\/v2\/categories?post=14453"},{"taxonomy":"post_tag","embeddable":true,"href":"https:\/\/cdnoticias.com\/index.php\/wp-json\/wp\/v2\/tags?post=14453"}],"curies":[{"name":"wp","href":"https:\/\/api.w.org\/{rel}","templated":true}]}}