{"id":14449,"date":"2021-02-22T18:18:38","date_gmt":"2021-02-22T21:18:38","guid":{"rendered":"http:\/\/www.centraldenoticias.com.ar\/?p=14449"},"modified":"2021-02-22T20:52:56","modified_gmt":"2021-02-22T23:52:56","slug":"fallecio-un-paciente-positivo-de-covid19-y-olavarria-ya-cuenta-con-117-muertes-por-la-pandemia","status":"publish","type":"post","link":"https:\/\/cdnoticias.com\/index.php\/2021\/02\/22\/fallecio-un-paciente-positivo-de-covid19-y-olavarria-ya-cuenta-con-117-muertes-por-la-pandemia\/","title":{"rendered":"Falleci\u00f3 un paciente positivo de Covid19 y Olavarr\u00eda ya cuenta con 117 muertes por la pandemia"},"content":{"rendered":"<p>Se trat\u00f3 de un hombre de 69 a\u00f1os, quien hac\u00eda un mes que se encontraba internado. Adem\u00e1s, se registraron 13 nuevos casos.<!--more--><\/p>\n<hr \/>\n<p>En las \u00faltimas horas se confirm\u00f3 la muerte de otro paciente positivo de Coronavirus, lo que <strong>elev\u00f3 a 117 la cifras de muertes por la pandemia.\u00a0<\/strong>De acuerdo con lo que se precis\u00f3, se trat\u00f3 de <strong>un hombre de 69 a\u00f1os, quien se encontraba internado desde hac\u00eda un mes en el Hospital Municipal \u201cDoctor H\u00e9ctor Cura\u201d.<\/strong><\/p>\n<p>&nbsp;<\/p>\n<p><img data-recalc-dims=\"1\" loading=\"lazy\" decoding=\"async\" class=\"alignnone size-large wp-image-14450\" src=\"https:\/\/i0.wp.com\/cdnoticias.com\/wp-content\/uploads\/2021\/02\/parte02-9.jpg?resize=800%2C398&#038;ssl=1\" alt=\"\" width=\"800\" height=\"398\" srcset=\"https:\/\/i0.wp.com\/cdnoticias.com\/wp-content\/uploads\/2021\/02\/parte02-9.jpg?resize=1024%2C509&amp;ssl=1 1024w, https:\/\/i0.wp.com\/cdnoticias.com\/wp-content\/uploads\/2021\/02\/parte02-9.jpg?resize=300%2C149&amp;ssl=1 300w, https:\/\/i0.wp.com\/cdnoticias.com\/wp-content\/uploads\/2021\/02\/parte02-9.jpg?resize=768%2C381&amp;ssl=1 768w, https:\/\/i0.wp.com\/cdnoticias.com\/wp-content\/uploads\/2021\/02\/parte02-9.jpg?w=1210&amp;ssl=1 1210w\" sizes=\"auto, (max-width: 800px) 100vw, 800px\" \/><\/p>\n<p>&nbsp;<\/p>\n<p>Vale destacar que su identidad ya hab\u00eda trascendido en las \u00faltimas horas a partir de las m\u00faltiples proclamaciones realizadas por referentes locales del PJ e inclusive por el mismo partido, desde dond<a href=\"https:\/\/cdnoticias.com\/index.php\/2021\/02\/22\/el-pj-despidio-a-un-dirigente-fallecido-por-covid\/\" target=\"_blank\" rel=\"noopener\">e se emiti\u00f3 una publicaci\u00f3n en lamento y reconocimiento a la figura de Daniel Buyanovsky<\/a>. A la par, <strong>desde el Ejecutivo local tambi\u00e9n enviaron condolencias a familia y amigos.<\/strong><\/p>\n<p>&nbsp;<\/p>\n<p>Por otra parte, tambi\u00e9n se detall\u00f3 que, <strong>tras la realizaci\u00f3n de 88 testeos, fueron descubiertos 13 nuevos caso<\/strong>s. Asimismo, 17 personas recibieron el alta m\u00e9dica, por lo que son <strong>123 los pacientes activos<\/strong>.<\/p>\n<p>&nbsp;<\/p>\n<p><img data-recalc-dims=\"1\" loading=\"lazy\" decoding=\"async\" class=\"alignnone size-large wp-image-14451\" src=\"https:\/\/i0.wp.com\/cdnoticias.com\/wp-content\/uploads\/2021\/02\/parte-13.jpg?resize=800%2C395&#038;ssl=1\" alt=\"\" width=\"800\" height=\"395\" srcset=\"https:\/\/i0.wp.com\/cdnoticias.com\/wp-content\/uploads\/2021\/02\/parte-13.jpg?resize=1024%2C506&amp;ssl=1 1024w, https:\/\/i0.wp.com\/cdnoticias.com\/wp-content\/uploads\/2021\/02\/parte-13.jpg?resize=300%2C148&amp;ssl=1 300w, https:\/\/i0.wp.com\/cdnoticias.com\/wp-content\/uploads\/2021\/02\/parte-13.jpg?resize=768%2C380&amp;ssl=1 768w, https:\/\/i0.wp.com\/cdnoticias.com\/wp-content\/uploads\/2021\/02\/parte-13.jpg?w=1173&amp;ssl=1 1173w\" sizes=\"auto, (max-width: 800px) 100vw, 800px\" \/><\/p>\n<p>&nbsp;<\/p>\n<p>Sobre los nuevos casos se narr\u00f3 que todos corresponden a nexos con positivos anteriores, ya que<strong> fueron todos negativos los testeos que se llevaron a cabo en el marco del operativo RTA.<\/strong><\/p>\n<p>&nbsp;<\/p>\n<p>Por \u00faltimo, se indic\u00f3 que en el Hospital Municipal \u201cDr. H\u00e9ctor Cura\u201d <strong>hay siete pacientes en Unidad de Terapia Intensiva<\/strong> y cuatro en Cuidados Generales. El 85% de los casos positivos corresponden a personas con menos de 60 a\u00f1os.<\/p>\n<p>&nbsp;<\/p>\n","protected":false},"excerpt":{"rendered":"<p>Se trat\u00f3 de un hombre de 69 a\u00f1os, quien hac\u00eda un mes que se encontraba internado. Adem\u00e1s, se registraron 13<\/p>\n","protected":false},"author":3,"featured_media":1091,"comment_status":"closed","ping_status":"closed","sticky":false,"template":"","format":"standard","meta":{"_jetpack_memberships_contains_paid_content":false,"footnotes":""},"categories":[5,1],"tags":[],"class_list":["post-14449","post","type-post","status-publish","format-standard","has-post-thumbnail","hentry","category-informacion-general","category-portada"],"jetpack_featured_media_url":"https:\/\/i0.wp.com\/cdnoticias.com\/wp-content\/uploads\/2020\/09\/HospitalMunicipal03.jpg?fit=4608%2C3072&ssl=1","jetpack_sharing_enabled":true,"_links":{"self":[{"href":"https:\/\/cdnoticias.com\/index.php\/wp-json\/wp\/v2\/posts\/14449","targetHints":{"allow":["GET"]}}],"collection":[{"href":"https:\/\/cdnoticias.com\/index.php\/wp-json\/wp\/v2\/posts"}],"about":[{"href":"https:\/\/cdnoticias.com\/index.php\/wp-json\/wp\/v2\/types\/post"}],"author":[{"embeddable":true,"href":"https:\/\/cdnoticias.com\/index.php\/wp-json\/wp\/v2\/users\/3"}],"replies":[{"embeddable":true,"href":"https:\/\/cdnoticias.com\/index.php\/wp-json\/wp\/v2\/comments?post=14449"}],"version-history":[{"count":0,"href":"https:\/\/cdnoticias.com\/index.php\/wp-json\/wp\/v2\/posts\/14449\/revisions"}],"wp:featuredmedia":[{"embeddable":true,"href":"https:\/\/cdnoticias.com\/index.php\/wp-json\/wp\/v2\/media\/1091"}],"wp:attachment":[{"href":"https:\/\/cdnoticias.com\/index.php\/wp-json\/wp\/v2\/media?parent=14449"}],"wp:term":[{"taxonomy":"category","embeddable":true,"href":"https:\/\/cdnoticias.com\/index.php\/wp-json\/wp\/v2\/categories?post=14449"},{"taxonomy":"post_tag","embeddable":true,"href":"https:\/\/cdnoticias.com\/index.php\/wp-json\/wp\/v2\/tags?post=14449"}],"curies":[{"name":"wp","href":"https:\/\/api.w.org\/{rel}","templated":true}]}}