{"id":14438,"date":"2021-02-22T15:55:37","date_gmt":"2021-02-22T18:55:37","guid":{"rendered":"http:\/\/www.centraldenoticias.com.ar\/?p=14438"},"modified":"2021-02-22T16:07:20","modified_gmt":"2021-02-22T19:07:20","slug":"proyectos-de-practicas-laborales-en-que-consisten-y-como-inscribirse","status":"publish","type":"post","link":"https:\/\/cdnoticias.com\/index.php\/2021\/02\/22\/proyectos-de-practicas-laborales-en-que-consisten-y-como-inscribirse\/","title":{"rendered":"Proyectos de pr\u00e1cticas laborales: \u00bfEn qu\u00e9 consisten y c\u00f3mo inscribirse?"},"content":{"rendered":"<p>La direcci\u00f3n de Empleo Municipal promueve 30 proyectos con el objetivo de vincular a j\u00f3venes con empresas dispuestas a \u201centrenar aprendices\u201d. Dar\u00e1n inicio en el mes de abril.<!--more--><\/p>\n<hr \/>\n<p>Con el objetivo de vincular a <strong>j\u00f3venes de 18 a 24 a\u00f1os<\/strong>, con empresas dispuestas a \u201centrenar aprendices\u201d, la Direcci\u00f3n de Empleo promueve el inicio de <strong>30 proyectos de entrenamiento para el mes de abril.<\/strong><\/p>\n<p>&nbsp;<\/p>\n<p>Los mismos se realizar\u00e1n durante un per\u00edodo <strong>de 3 a 6 meses<\/strong>, en el que los y las j\u00f3venes <strong>cumplir\u00e1n funciones de lunes a viernes, con un total de 20 horas semanales.<\/strong><\/p>\n<p>&nbsp;<\/p>\n<p>Los proyectos se ejecutar\u00e1n en el marco del <strong>\u201cPrograma J\u00f3venes con M\u00e1s y Mejor Trabajo\u201d<\/strong>, siendo esta una herramienta que permite mejorar las condiciones de empleabilidad a futuro, como as\u00ed tambi\u00e9n fortalecer el rol del aprendiz.<\/p>\n<p>&nbsp;<\/p>\n<p><strong>Los proyectos de entrenamiento se podr\u00e1n solicitar hasta el martes 2 de marzo<\/strong>, junto con la documentaci\u00f3n y requisitos establecidos por el Ministerio de Trabajo, Empleo y Seguridad Social de la Naci\u00f3n.<\/p>\n<p>&nbsp;<\/p>\n<p>Por otro lado,<strong> los\/as j\u00f3venes que deseen participar en esta iniciativa, realizar\u00e1n talleres de confecci\u00f3n y video CV, entrevistas grupales e individuales.<\/strong> Quienes queden preseleccionados acceder\u00e1n a una entrevista final con los empleadores.<\/p>\n<p>&nbsp;<\/p>\n<p>Cabe mencionar que la Direcci\u00f3n de Empleo de la Municipalidad\u2013dependiente de Secretar\u00eda de Desarrollo Econ\u00f3mico- integra la Red de Servicios de Empleo del Ministerio de Trabajo, Empleo y Seguridad Social de la Naci\u00f3n.<\/p>\n<p>&nbsp;<\/p>\n<p><strong>Requisitos para el empleador<\/strong><\/p>\n<p>\u2013 Habilitaci\u00f3n municipal.<\/p>\n<p>\u2013 No registrar sanciones en Repsal.<\/p>\n<p>\u2013 Contratar un seguro por accidentes personales al joven que realice el entrenamiento.<\/p>\n<p>\u2013 Contratar una obra social al joven o realizar aporte mensual establecido por Ministerio de Trabajo de la Naci\u00f3n.<\/p>\n<p>&nbsp;<\/p>\n<p>Quienes est\u00e9n interesados podr\u00e1n solicitar un proyecto de entrenamiento al correo: entrenamientosparaeltrabajo@olavarria.gov.ar<\/p>\n<p>&nbsp;<\/p>\n<p><strong>Requisitos para j\u00f3venes<\/strong><\/p>\n<p>\u2013 Tener entre 18 y 24 a\u00f1os.<\/p>\n<p>\u2013 No haber finalizado estudios secundarios.<\/p>\n<p>\u2013 No registrar trabajo formal.<\/p>\n<p>&nbsp;<\/p>\n<p>Quienes est\u00e9n interesados en realizar un entrenamiento, est\u00e9n adheridos o no en el programa j\u00f3venes, podr\u00e1n inscribirse hasta el d\u00eda 28 de febrero en el siguiente link: <a href=\"https:\/\/docs.google.com\/forms\/d\/e\/1FAIpQLSfkq6Ej0XSQgpszKzKLsb1SyPUpJsJwFxt18YxMgR9ag_MFvg\/viewform?gxids=7628\" target=\"_blank\" rel=\"noopener\">Formulario de inscripci\u00f3n para j\u00f3venes.<\/a><\/p>\n<p>&nbsp;<\/p>\n<p>Para m\u00e1s informaci\u00f3n podr\u00e1n acercarse a la Direcci\u00f3n de Empleo (Moreno 2765) o bien contactarse telef\u00f3nicamente al 422135\/422195.<\/p>\n","protected":false},"excerpt":{"rendered":"<p>La direcci\u00f3n de Empleo Municipal promueve 30 proyectos con el objetivo de vincular a j\u00f3venes con empresas dispuestas a \u201centrenar<\/p>\n","protected":false},"author":5,"featured_media":14439,"comment_status":"closed","ping_status":"closed","sticky":false,"template":"","format":"standard","meta":{"_jetpack_memberships_contains_paid_content":false,"footnotes":""},"categories":[5,1],"tags":[],"class_list":["post-14438","post","type-post","status-publish","format-standard","has-post-thumbnail","hentry","category-informacion-general","category-portada"],"jetpack_featured_media_url":"https:\/\/i0.wp.com\/cdnoticias.com\/wp-content\/uploads\/2021\/02\/DE-Proyectos-Entrenamiento-Laboral.jpg?fit=774%2C694&ssl=1","jetpack_sharing_enabled":true,"_links":{"self":[{"href":"https:\/\/cdnoticias.com\/index.php\/wp-json\/wp\/v2\/posts\/14438","targetHints":{"allow":["GET"]}}],"collection":[{"href":"https:\/\/cdnoticias.com\/index.php\/wp-json\/wp\/v2\/posts"}],"about":[{"href":"https:\/\/cdnoticias.com\/index.php\/wp-json\/wp\/v2\/types\/post"}],"author":[{"embeddable":true,"href":"https:\/\/cdnoticias.com\/index.php\/wp-json\/wp\/v2\/users\/5"}],"replies":[{"embeddable":true,"href":"https:\/\/cdnoticias.com\/index.php\/wp-json\/wp\/v2\/comments?post=14438"}],"version-history":[{"count":0,"href":"https:\/\/cdnoticias.com\/index.php\/wp-json\/wp\/v2\/posts\/14438\/revisions"}],"wp:featuredmedia":[{"embeddable":true,"href":"https:\/\/cdnoticias.com\/index.php\/wp-json\/wp\/v2\/media\/14439"}],"wp:attachment":[{"href":"https:\/\/cdnoticias.com\/index.php\/wp-json\/wp\/v2\/media?parent=14438"}],"wp:term":[{"taxonomy":"category","embeddable":true,"href":"https:\/\/cdnoticias.com\/index.php\/wp-json\/wp\/v2\/categories?post=14438"},{"taxonomy":"post_tag","embeddable":true,"href":"https:\/\/cdnoticias.com\/index.php\/wp-json\/wp\/v2\/tags?post=14438"}],"curies":[{"name":"wp","href":"https:\/\/api.w.org\/{rel}","templated":true}]}}