{"id":14436,"date":"2021-02-22T16:06:40","date_gmt":"2021-02-22T19:06:40","guid":{"rendered":"http:\/\/www.centraldenoticias.com.ar\/?p=14436"},"modified":"2021-02-22T17:03:57","modified_gmt":"2021-02-22T20:03:57","slug":"lo-sorprendieron-manejando-con-mas-de-2-gramos-de-alcohol-en-sangre","status":"publish","type":"post","link":"https:\/\/cdnoticias.com\/index.php\/2021\/02\/22\/lo-sorprendieron-manejando-con-mas-de-2-gramos-de-alcohol-en-sangre\/","title":{"rendered":"Lo sorprendieron manejando con m\u00e1s de 2 gramos de alcohol en sangre"},"content":{"rendered":"<p>Sucedi\u00f3 en la zona del Cementerio Municipal, donde el hombre se movilizaba a bordo de un Renault con valores que multiplicaban en varias ocasiones los niveles permitidos.<!--more--><\/p>\n<hr \/>\n<p>Durante el transcurso del \u00faltimo fin de semana permanecieron activas las tareas preventivas desde el \u00e1rea de Acci\u00f3n y Control Urbano Municipal, llev\u00e1ndose adelante el <strong>inicio de numerosas infracciones, en su mayor\u00eda por incumplimiento a la Ley de Tr\u00e1nsito.<\/strong><\/p>\n<p>&nbsp;<\/p>\n<p>El ejemplo m\u00e1s relevante se dio en el inicio de la madrugada del domingo, minutos despu\u00e9s de la 1, cuando personal de seguridad intercept\u00f3 un Renault que circulaba por <strong>San Lorenzo al 1700, en la zona del barrio Banco Provincia, pr\u00e1cticamente sobre el lateral trasero del Cementerio Municipal.<\/strong><\/p>\n<p>&nbsp;<\/p>\n<figure id=\"attachment_981\" aria-describedby=\"caption-attachment-981\" style=\"width: 800px\" class=\"wp-caption alignnone\"><img data-recalc-dims=\"1\" loading=\"lazy\" decoding=\"async\" class=\"size-large wp-image-981\" src=\"https:\/\/i0.wp.com\/cdnoticias.com\/wp-content\/uploads\/2020\/09\/Seguridad-Control-Tr%C3%A1nsito-1024x682-1024x682.jpg?resize=800%2C533&#038;ssl=1\" alt=\"\" width=\"800\" height=\"533\" srcset=\"https:\/\/i0.wp.com\/cdnoticias.com\/wp-content\/uploads\/2020\/09\/Seguridad-Control-Tr%C3%A1nsito-1024x682.jpg?resize=1024%2C682&amp;ssl=1 1024w, https:\/\/i0.wp.com\/cdnoticias.com\/wp-content\/uploads\/2020\/09\/Seguridad-Control-Tr%C3%A1nsito-1024x682.jpg?resize=300%2C200&amp;ssl=1 300w, https:\/\/i0.wp.com\/cdnoticias.com\/wp-content\/uploads\/2020\/09\/Seguridad-Control-Tr%C3%A1nsito-1024x682.jpg?resize=768%2C512&amp;ssl=1 768w, https:\/\/i0.wp.com\/cdnoticias.com\/wp-content\/uploads\/2020\/09\/Seguridad-Control-Tr%C3%A1nsito-1024x682.jpg?resize=272%2C182&amp;ssl=1 272w\" sizes=\"auto, (max-width: 800px) 100vw, 800px\" \/><figcaption id=\"caption-attachment-981\" class=\"wp-caption-text\">Foto ilustrativa. (Archivo)<\/figcaption><\/figure>\n<p>&nbsp;<\/p>\n<p>De acuerdo con lo que se precis\u00f3 desde el \u00e1rea de comunicaci\u00f3n del municipio,<strong> cuando se le practic\u00f3 el test de alcoholemia se detect\u00f3 que conduc\u00eda con un dosaje de m\u00e1s de 2 gramos por litro, un valor que multiplicaba varias veces los niveles permitidos.<\/strong><\/p>\n<p>&nbsp;<\/p>\n<p>Si bien no se pudo practicar el test, debido a la negativa del conductor tambi\u00e9n<strong> fue considerado positivo en la infracci\u00f3n que se le labro al conductor de un Chrysler Neon interceptado sobre Tacuar\u00ed al 1300.<\/strong><\/p>\n<p>&nbsp;<\/p>\n<p><img data-recalc-dims=\"1\" loading=\"lazy\" decoding=\"async\" class=\"alignnone size-full wp-image-14024\" src=\"https:\/\/i0.wp.com\/cdnoticias.com\/wp-content\/uploads\/2021\/02\/operativos-1.jpg?resize=677%2C377&#038;ssl=1\" alt=\"\" width=\"677\" height=\"377\" srcset=\"https:\/\/i0.wp.com\/cdnoticias.com\/wp-content\/uploads\/2021\/02\/operativos-1.jpg?w=677&amp;ssl=1 677w, https:\/\/i0.wp.com\/cdnoticias.com\/wp-content\/uploads\/2021\/02\/operativos-1.jpg?resize=300%2C167&amp;ssl=1 300w\" sizes=\"auto, (max-width: 677px) 100vw, 677px\" \/><\/p>\n<p>&nbsp;<\/p>\n<p>Adem\u00e1s, seg\u00fan se a\u00f1adi\u00f3, durante la pasada semana se iniciaron un total de <strong>28 actas de tr\u00e1nsito, se retuvieron 9 veh\u00edculos y 2 licencias de conducir<\/strong>, en los operativos destinados al control vehicular, que se desarrollan en distintos puntos de la ciudad, de manera sorpresiva, en horario diurno y nocturno.<\/p>\n<p>&nbsp;<\/p>\n<p>Por \u00faltimo, en lo que refiere a nocturnidad, se efectuaron <strong>28 inspecciones, de las cuales 9 resultaron positivas<\/strong>, siendo remitidas las actuaciones al Juzgado de Faltas, para determinar el tipo de sanci\u00f3n correspondiente.<\/p>\n","protected":false},"excerpt":{"rendered":"<p>Sucedi\u00f3 en la zona del Cementerio Municipal, donde el hombre se movilizaba a bordo de un Renault con valores que<\/p>\n","protected":false},"author":3,"featured_media":5441,"comment_status":"closed","ping_status":"closed","sticky":false,"template":"","format":"standard","meta":{"_jetpack_memberships_contains_paid_content":false,"footnotes":""},"categories":[14,1],"tags":[],"class_list":["post-14436","post","type-post","status-publish","format-standard","has-post-thumbnail","hentry","category-policiales","category-portada"],"jetpack_featured_media_url":"https:\/\/i0.wp.com\/cdnoticias.com\/wp-content\/uploads\/2020\/11\/control.jpg?fit=799%2C449&ssl=1","jetpack_sharing_enabled":true,"_links":{"self":[{"href":"https:\/\/cdnoticias.com\/index.php\/wp-json\/wp\/v2\/posts\/14436","targetHints":{"allow":["GET"]}}],"collection":[{"href":"https:\/\/cdnoticias.com\/index.php\/wp-json\/wp\/v2\/posts"}],"about":[{"href":"https:\/\/cdnoticias.com\/index.php\/wp-json\/wp\/v2\/types\/post"}],"author":[{"embeddable":true,"href":"https:\/\/cdnoticias.com\/index.php\/wp-json\/wp\/v2\/users\/3"}],"replies":[{"embeddable":true,"href":"https:\/\/cdnoticias.com\/index.php\/wp-json\/wp\/v2\/comments?post=14436"}],"version-history":[{"count":0,"href":"https:\/\/cdnoticias.com\/index.php\/wp-json\/wp\/v2\/posts\/14436\/revisions"}],"wp:featuredmedia":[{"embeddable":true,"href":"https:\/\/cdnoticias.com\/index.php\/wp-json\/wp\/v2\/media\/5441"}],"wp:attachment":[{"href":"https:\/\/cdnoticias.com\/index.php\/wp-json\/wp\/v2\/media?parent=14436"}],"wp:term":[{"taxonomy":"category","embeddable":true,"href":"https:\/\/cdnoticias.com\/index.php\/wp-json\/wp\/v2\/categories?post=14436"},{"taxonomy":"post_tag","embeddable":true,"href":"https:\/\/cdnoticias.com\/index.php\/wp-json\/wp\/v2\/tags?post=14436"}],"curies":[{"name":"wp","href":"https:\/\/api.w.org\/{rel}","templated":true}]}}