{"id":14424,"date":"2021-02-22T14:48:02","date_gmt":"2021-02-22T17:48:02","guid":{"rendered":"http:\/\/www.centraldenoticias.com.ar\/?p=14424"},"modified":"2021-02-22T16:06:54","modified_gmt":"2021-02-22T19:06:54","slug":"el-pj-despidio-a-un-dirigente-fallecido-por-covid","status":"publish","type":"post","link":"https:\/\/cdnoticias.com\/index.php\/2021\/02\/22\/el-pj-despidio-a-un-dirigente-fallecido-por-covid\/","title":{"rendered":"El PJ despidi\u00f3 a un dirigente fallecido por Covid"},"content":{"rendered":"<p>Se trata de Daniel Buyanovsky, de 68 a\u00f1os, quien falleci\u00f3 este lunes. Ocupaba el cargo de vocal del Partido Justicia de Olavarr\u00eda.<!--more--><\/p>\n<hr \/>\n<p>\u201cHoy <strong>nos toca despedir a un gran compa\u00f1ero, militante peronista, vocal del PJ Olavarr\u00eda y dirigente barrial a causa del Covid<\/strong>. Una gran perdida para todos nosotros, acompa\u00f1amos a sus familiares y amigos\u201d dio a conocer el partido pol\u00edtico a trav\u00e9s de un comunicado.<\/p>\n<p>Se trata de <strong>Daniel Buyanovsky, de 68 a\u00f1os<\/strong>, quien falleci\u00f3 este lunes tras haber estado internado por varias semanas en el Hospital Municipal.<\/p>\n<p>A su vez, numerosos dirigentes partidarios y militantes del Partido Justicialista de Olavarr\u00eda se pronunciaron con dolor por la muerte del tambi\u00e9n referente fomentista del barrio CECO.<\/p>\n<p><img data-recalc-dims=\"1\" loading=\"lazy\" decoding=\"async\" class=\"aligncenter wp-image-14426\" src=\"https:\/\/i0.wp.com\/cdnoticias.com\/wp-content\/uploads\/2021\/02\/PJ-buyanovsky.jpg?resize=500%2C500&#038;ssl=1\" alt=\"\" width=\"500\" height=\"500\" srcset=\"https:\/\/i0.wp.com\/cdnoticias.com\/wp-content\/uploads\/2021\/02\/PJ-buyanovsky.jpg?resize=300%2C300&amp;ssl=1 300w, https:\/\/i0.wp.com\/cdnoticias.com\/wp-content\/uploads\/2021\/02\/PJ-buyanovsky.jpg?resize=150%2C150&amp;ssl=1 150w, https:\/\/i0.wp.com\/cdnoticias.com\/wp-content\/uploads\/2021\/02\/PJ-buyanovsky.jpg?resize=768%2C768&amp;ssl=1 768w, https:\/\/i0.wp.com\/cdnoticias.com\/wp-content\/uploads\/2021\/02\/PJ-buyanovsky.jpg?resize=1024%2C1024&amp;ssl=1 1024w, https:\/\/i0.wp.com\/cdnoticias.com\/wp-content\/uploads\/2021\/02\/PJ-buyanovsky.jpg?w=1280&amp;ssl=1 1280w\" sizes=\"auto, (max-width: 500px) 100vw, 500px\" \/><\/p>\n","protected":false},"excerpt":{"rendered":"<p>Se trata de Daniel Buyanovsky, de 68 a\u00f1os, quien falleci\u00f3 este lunes. Ocupaba el cargo de vocal del Partido Justicia<\/p>\n","protected":false},"author":4,"featured_media":14427,"comment_status":"closed","ping_status":"closed","sticky":false,"template":"","format":"standard","meta":{"_jetpack_memberships_contains_paid_content":false,"footnotes":""},"categories":[4,1],"tags":[],"class_list":["post-14424","post","type-post","status-publish","format-standard","has-post-thumbnail","hentry","category-politica","category-portada"],"jetpack_featured_media_url":"https:\/\/i0.wp.com\/cdnoticias.com\/wp-content\/uploads\/2021\/02\/PJ-buyanovsky01.jpg?fit=800%2C445&ssl=1","jetpack_sharing_enabled":true,"_links":{"self":[{"href":"https:\/\/cdnoticias.com\/index.php\/wp-json\/wp\/v2\/posts\/14424","targetHints":{"allow":["GET"]}}],"collection":[{"href":"https:\/\/cdnoticias.com\/index.php\/wp-json\/wp\/v2\/posts"}],"about":[{"href":"https:\/\/cdnoticias.com\/index.php\/wp-json\/wp\/v2\/types\/post"}],"author":[{"embeddable":true,"href":"https:\/\/cdnoticias.com\/index.php\/wp-json\/wp\/v2\/users\/4"}],"replies":[{"embeddable":true,"href":"https:\/\/cdnoticias.com\/index.php\/wp-json\/wp\/v2\/comments?post=14424"}],"version-history":[{"count":0,"href":"https:\/\/cdnoticias.com\/index.php\/wp-json\/wp\/v2\/posts\/14424\/revisions"}],"wp:featuredmedia":[{"embeddable":true,"href":"https:\/\/cdnoticias.com\/index.php\/wp-json\/wp\/v2\/media\/14427"}],"wp:attachment":[{"href":"https:\/\/cdnoticias.com\/index.php\/wp-json\/wp\/v2\/media?parent=14424"}],"wp:term":[{"taxonomy":"category","embeddable":true,"href":"https:\/\/cdnoticias.com\/index.php\/wp-json\/wp\/v2\/categories?post=14424"},{"taxonomy":"post_tag","embeddable":true,"href":"https:\/\/cdnoticias.com\/index.php\/wp-json\/wp\/v2\/tags?post=14424"}],"curies":[{"name":"wp","href":"https:\/\/api.w.org\/{rel}","templated":true}]}}