{"id":14422,"date":"2021-02-22T14:24:32","date_gmt":"2021-02-22T17:24:32","guid":{"rendered":"http:\/\/www.centraldenoticias.com.ar\/?p=14422"},"modified":"2021-02-22T14:24:32","modified_gmt":"2021-02-22T17:24:32","slug":"daniel-alberto-buyanovsky-cabezon-q-e-p-d","status":"publish","type":"post","link":"https:\/\/cdnoticias.com\/index.php\/2021\/02\/22\/daniel-alberto-buyanovsky-cabezon-q-e-p-d\/","title":{"rendered":"Daniel Alberto Buyanovsky \u201cCabez\u00f3n\u201d (Q.E.P.D.)"},"content":{"rendered":"<p>Falleci\u00f3 en Olavarr\u00eda el 22 de febrero a los 68 a\u00f1os. Su esposa Mar\u00eda Laura Pereira; sus hijos Micaela, Esteban y Le\u00f3n; sus hijos pol\u00edticos Gast\u00f3n, Clarisa y Mariela; sus nietos Sim\u00f3n, Julia, Sara y dem\u00e1s deudos participan su fallecimiento.<\/p>\n<p>&nbsp;<\/p>\n<p>Sus restos no ser\u00e1n velados y ser\u00e1n cremados en Crematorio Pinos de Paz, el martes 23 de febrero a las 15:00. Vecino de barrio CECO. Nacido en Olavarr\u00eda. \u00c1rbitro de B\u00e1squet Retirado y Jubilado de Luz y Fuerza.<\/p>\n","protected":false},"excerpt":{"rendered":"<p>Falleci\u00f3 en Olavarr\u00eda el 22 de febrero a los 68 a\u00f1os. Su esposa Mar\u00eda Laura Pereira; sus hijos Micaela, Esteban<\/p>\n","protected":false},"author":5,"featured_media":0,"comment_status":"closed","ping_status":"closed","sticky":false,"template":"","format":"standard","meta":{"_jetpack_memberships_contains_paid_content":false,"footnotes":""},"categories":[10],"tags":[],"class_list":["post-14422","post","type-post","status-publish","format-standard","hentry","category-necrologicas"],"jetpack_featured_media_url":"","jetpack_sharing_enabled":true,"_links":{"self":[{"href":"https:\/\/cdnoticias.com\/index.php\/wp-json\/wp\/v2\/posts\/14422","targetHints":{"allow":["GET"]}}],"collection":[{"href":"https:\/\/cdnoticias.com\/index.php\/wp-json\/wp\/v2\/posts"}],"about":[{"href":"https:\/\/cdnoticias.com\/index.php\/wp-json\/wp\/v2\/types\/post"}],"author":[{"embeddable":true,"href":"https:\/\/cdnoticias.com\/index.php\/wp-json\/wp\/v2\/users\/5"}],"replies":[{"embeddable":true,"href":"https:\/\/cdnoticias.com\/index.php\/wp-json\/wp\/v2\/comments?post=14422"}],"version-history":[{"count":0,"href":"https:\/\/cdnoticias.com\/index.php\/wp-json\/wp\/v2\/posts\/14422\/revisions"}],"wp:attachment":[{"href":"https:\/\/cdnoticias.com\/index.php\/wp-json\/wp\/v2\/media?parent=14422"}],"wp:term":[{"taxonomy":"category","embeddable":true,"href":"https:\/\/cdnoticias.com\/index.php\/wp-json\/wp\/v2\/categories?post=14422"},{"taxonomy":"post_tag","embeddable":true,"href":"https:\/\/cdnoticias.com\/index.php\/wp-json\/wp\/v2\/tags?post=14422"}],"curies":[{"name":"wp","href":"https:\/\/api.w.org\/{rel}","templated":true}]}}