{"id":14408,"date":"2021-02-22T10:51:35","date_gmt":"2021-02-22T13:51:35","guid":{"rendered":"http:\/\/www.centraldenoticias.com.ar\/?p=14408"},"modified":"2021-02-22T12:26:03","modified_gmt":"2021-02-22T15:26:03","slug":"comienzan-a-vacunar-al-personal-de-las-fuerzas-de-seguridad","status":"publish","type":"post","link":"https:\/\/cdnoticias.com\/index.php\/2021\/02\/22\/comienzan-a-vacunar-al-personal-de-las-fuerzas-de-seguridad\/","title":{"rendered":"Comienzan a vacunar al personal de las fuerzas de seguridad"},"content":{"rendered":"<p>Desde este lunes en los municipios de La Matanza y Berazategui de la provincia de Buenos Aires. Ser\u00e1n los que est\u00e1n en \u201cla primera l\u00ednea de la lucha contra el delito\u201d, dijo el ministro Berni.<!--more--><\/p>\n<hr \/>\n<p><strong>El Gobierno de la provincia de Buenos Aires comenzar\u00e1 este lunes a aplicar la vacuna contra el coronavirus al personal de las distintas fuerzas de seguridad<\/strong>, informaron fuentes del Poder Ejecutivo.<\/p>\n<blockquote><p>\u201cLa vacuna contra el coronavirus ya lleg\u00f3 a Puente 12 y ser\u00e1 aplicada a nuestras fuerzas policiales que se encuentran en la primera l\u00ednea de la lucha contra el delito para que puedan seguir trabajando y cuidando a las y los bonaerenses\u201d, poste\u00f3 el ministro de Seguridad provincial, Sergio Berni.<\/p><\/blockquote>\n<p>El operativo se llevar\u00e1 a cabo, en esta primera etapa, en Puente 12, en la Autopista Riccheri y Camino de Cintura &#8211;<strong>La Matanza<\/strong>&#8211; y en la Escuela de Polic\u00eda Juan Vucetich, en el Camino Centenario Km 17.500 &#8211;<strong>Berazategui<\/strong>-.<\/p>\n<p>Hasta este lunes por la ma\u00f1ana, <strong>un total de 2.768.177 personas<\/strong> se inscribieron en <a href=\"https:\/\/vacunatepba.gba.gob.ar\/\" target=\"_blank\" rel=\"noopener\">https:\/\/vacunatepba.gba.gob.ar\/<\/a> para manifestar la voluntad de recibir la inmunizaci\u00f3n contra el coronavirus en territorio bonaerense.<\/p>\n<p>El 40% de ese total son mayores de 60 a\u00f1os; el 30% tienen entre 18 y 59 sin patolog\u00edas de riesgo; el 12% son personas de 18 a 59 con factores de riesgo; un 9% son docentes y auxiliares; el 6% es personal de salud; el 2% es personal de salud de cuidados intensivos y el<strong> 1% es personal de seguridad<\/strong>.<\/p>\n<p>Fuente: <em>Agencia DIB<\/em><\/p>\n","protected":false},"excerpt":{"rendered":"<p>Desde este lunes en los municipios de La Matanza y Berazategui de la provincia de Buenos Aires. Ser\u00e1n los que<\/p>\n","protected":false},"author":4,"featured_media":10426,"comment_status":"closed","ping_status":"closed","sticky":false,"template":"","format":"standard","meta":{"_jetpack_memberships_contains_paid_content":false,"footnotes":""},"categories":[6,1],"tags":[],"class_list":["post-14408","post","type-post","status-publish","format-standard","has-post-thumbnail","hentry","category-nacionales","category-portada"],"jetpack_featured_media_url":"https:\/\/i0.wp.com\/cdnoticias.com\/wp-content\/uploads\/2021\/01\/vacuna-covid-8.jpeg?fit=1232%2C816&ssl=1","jetpack_sharing_enabled":true,"_links":{"self":[{"href":"https:\/\/cdnoticias.com\/index.php\/wp-json\/wp\/v2\/posts\/14408","targetHints":{"allow":["GET"]}}],"collection":[{"href":"https:\/\/cdnoticias.com\/index.php\/wp-json\/wp\/v2\/posts"}],"about":[{"href":"https:\/\/cdnoticias.com\/index.php\/wp-json\/wp\/v2\/types\/post"}],"author":[{"embeddable":true,"href":"https:\/\/cdnoticias.com\/index.php\/wp-json\/wp\/v2\/users\/4"}],"replies":[{"embeddable":true,"href":"https:\/\/cdnoticias.com\/index.php\/wp-json\/wp\/v2\/comments?post=14408"}],"version-history":[{"count":0,"href":"https:\/\/cdnoticias.com\/index.php\/wp-json\/wp\/v2\/posts\/14408\/revisions"}],"wp:featuredmedia":[{"embeddable":true,"href":"https:\/\/cdnoticias.com\/index.php\/wp-json\/wp\/v2\/media\/10426"}],"wp:attachment":[{"href":"https:\/\/cdnoticias.com\/index.php\/wp-json\/wp\/v2\/media?parent=14408"}],"wp:term":[{"taxonomy":"category","embeddable":true,"href":"https:\/\/cdnoticias.com\/index.php\/wp-json\/wp\/v2\/categories?post=14408"},{"taxonomy":"post_tag","embeddable":true,"href":"https:\/\/cdnoticias.com\/index.php\/wp-json\/wp\/v2\/tags?post=14408"}],"curies":[{"name":"wp","href":"https:\/\/api.w.org\/{rel}","templated":true}]}}