{"id":14406,"date":"2021-02-22T12:20:12","date_gmt":"2021-02-22T15:20:12","guid":{"rendered":"http:\/\/www.centraldenoticias.com.ar\/?p=14406"},"modified":"2021-02-22T14:56:49","modified_gmt":"2021-02-22T17:56:49","slug":"covid-rta-clave-en-la-baja-de-la-positividad","status":"publish","type":"post","link":"https:\/\/cdnoticias.com\/index.php\/2021\/02\/22\/covid-rta-clave-en-la-baja-de-la-positividad\/","title":{"rendered":"Covid: RTA, clave en la baja de la positividad"},"content":{"rendered":"<p>Con este programa, el Municipio logr\u00f3 reducir la cantidad de casos que se \u201cescapan\u201d a los controles y facilitan la propagaci\u00f3n del virus. C\u00f3mo impact\u00f3 en sus ocho etapas finalizadas: 17,3% de los testeos locales se hicieron en RTA.<!--more--><\/p>\n<hr \/>\n<p><strong>Josefina Bargas<\/strong>\u00a0\/ <a href=\"https:\/\/twitter.com\/JosefinaB\" target=\"_blank\" rel=\"noopener\">@JosefinaB<\/a><\/p>\n<p><em>(del staff de Central de Noticias)<\/em><\/p>\n<p>&nbsp;<\/p>\n<p>El <strong>programa Rastrear, Testear, Aislar (RTA)<\/strong> que lleva adelante la Secretar\u00eda de Salud municipal desde el mes de octubre pasado tuvo como objetivo <strong>bajar la \u201cpositividad\u201d de los casos de Covid en el distrito<\/strong>.<\/p>\n<p>Se logr\u00f3 con ello<strong> reducir la cantidad de casos que se \u201cescapan\u201d a los controles<\/strong> y facilitan la propagaci\u00f3n del virus, acompa\u00f1ado adem\u00e1s por la gesti\u00f3n de rastreo de contactos estrechos.<strong> Central de Noticias<\/strong> busca mostrar <strong>c\u00f3mo impact\u00f3 el programa en sus ocho etapas finalizadas<\/strong>.<\/p>\n<blockquote><p>Hasta este lunes, a trav\u00e9s de este programa se han testeado 4.237 personas de los cuales 1.092 dieron positivo. Esto implica que 17,3% de todas las muestras analizadas en Olavarr\u00eda se tomaron en los puestos de testeo de esta iniciativa local.<\/p><\/blockquote>\n<p><strong>Se lleva adelante por estos d\u00edas la novena etapa<\/strong>. RTA ha desplegado personal de salud en distintos puntos del distrito para testear a personas que presentan s\u00edntomas compatibles con la enfermedad y de esta manera, determinar r\u00e1pidamente si padecen Covid para proceder a su aislamiento junto con sus contactos m\u00e1s cercanos.<\/p>\n<p><img data-recalc-dims=\"1\" loading=\"lazy\" decoding=\"async\" class=\"aligncenter wp-image-14416 size-large\" src=\"https:\/\/i0.wp.com\/cdnoticias.com\/wp-content\/uploads\/2021\/02\/RTA-Salud-Testeos-Intensivos-Caps-n%C2%B0-8-1-1024x683.jpg?resize=800%2C534&#038;ssl=1\" alt=\"\" width=\"800\" height=\"534\" srcset=\"https:\/\/i0.wp.com\/cdnoticias.com\/wp-content\/uploads\/2021\/02\/RTA-Salud-Testeos-Intensivos-Caps-n%C2%B0-8-1.jpg?resize=1024%2C683&amp;ssl=1 1024w, https:\/\/i0.wp.com\/cdnoticias.com\/wp-content\/uploads\/2021\/02\/RTA-Salud-Testeos-Intensivos-Caps-n%C2%B0-8-1.jpg?resize=300%2C200&amp;ssl=1 300w, https:\/\/i0.wp.com\/cdnoticias.com\/wp-content\/uploads\/2021\/02\/RTA-Salud-Testeos-Intensivos-Caps-n%C2%B0-8-1.jpg?resize=768%2C512&amp;ssl=1 768w, https:\/\/i0.wp.com\/cdnoticias.com\/wp-content\/uploads\/2021\/02\/RTA-Salud-Testeos-Intensivos-Caps-n%C2%B0-8-1.jpg?resize=272%2C182&amp;ssl=1 272w, https:\/\/i0.wp.com\/cdnoticias.com\/wp-content\/uploads\/2021\/02\/RTA-Salud-Testeos-Intensivos-Caps-n%C2%B0-8-1.jpg?w=1968&amp;ssl=1 1968w, https:\/\/i0.wp.com\/cdnoticias.com\/wp-content\/uploads\/2021\/02\/RTA-Salud-Testeos-Intensivos-Caps-n%C2%B0-8-1.jpg?w=1600&amp;ssl=1 1600w\" sizes=\"auto, (max-width: 800px) 100vw, 800px\" \/><\/p>\n<p><strong>Positividad<\/strong><\/p>\n<p>El doctorado en ciencias qu\u00edmicas y especialista en bioinform\u00e1tica, adem\u00e1s de <strong>investigador del Conicet, Rodrigo Quiroga<\/strong>, explic\u00f3 a la agencia T\u00e9lam que <strong>analizar la positividad es un facto clave<\/strong> para contener la evoluci\u00f3n de la pandemia.<\/p>\n<blockquote><p>\u201cEl porcentaje de positividad se calcula con el n\u00famero de casos confirmados y el n\u00famero de test realizados. Lo que indica este porcentaje es si estamos pudiendo encontrar adecuadamente a las personas infectadas en la poblaci\u00f3n\u201d dijo.<\/p><\/blockquote>\n<p><strong>La Organizaci\u00f3n Mundial de la Salud (OMS) recomend\u00f3 prestar atenci\u00f3n a esta variable y mantenerla por debajo del 10%<\/strong>. El mismo organismo se\u00f1al\u00f3 el segundo lineamiento a seguir: el \u201crastreo de contactos\u201d. Quiroga defini\u00f3 \u201cesto es que cuando alguien nos da positivo hay que aislar a todas las personas que tuvieron contacto con ella en las \u00faltimas 48 horas m\u00ednimo, y lo ideal ser\u00eda tambi\u00e9n testearlas\u201d.<\/p>\n<p><img data-recalc-dims=\"1\" loading=\"lazy\" decoding=\"async\" class=\"aligncenter wp-image-14414 size-large\" src=\"https:\/\/i0.wp.com\/cdnoticias.com\/wp-content\/uploads\/2021\/02\/RTA-Salud-Rta-Paseo-Salud.jpg?resize=800%2C534&#038;ssl=1\" alt=\"\" width=\"800\" height=\"534\" srcset=\"https:\/\/i0.wp.com\/cdnoticias.com\/wp-content\/uploads\/2021\/02\/RTA-Salud-Rta-Paseo-Salud.jpg?resize=1024%2C683&amp;ssl=1 1024w, https:\/\/i0.wp.com\/cdnoticias.com\/wp-content\/uploads\/2021\/02\/RTA-Salud-Rta-Paseo-Salud.jpg?resize=300%2C200&amp;ssl=1 300w, https:\/\/i0.wp.com\/cdnoticias.com\/wp-content\/uploads\/2021\/02\/RTA-Salud-Rta-Paseo-Salud.jpg?resize=768%2C512&amp;ssl=1 768w, https:\/\/i0.wp.com\/cdnoticias.com\/wp-content\/uploads\/2021\/02\/RTA-Salud-Rta-Paseo-Salud.jpg?resize=272%2C182&amp;ssl=1 272w, https:\/\/i0.wp.com\/cdnoticias.com\/wp-content\/uploads\/2021\/02\/RTA-Salud-Rta-Paseo-Salud.jpg?w=1968&amp;ssl=1 1968w, https:\/\/i0.wp.com\/cdnoticias.com\/wp-content\/uploads\/2021\/02\/RTA-Salud-Rta-Paseo-Salud.jpg?w=1600&amp;ssl=1 1600w\" sizes=\"auto, (max-width: 800px) 100vw, 800px\" \/><\/p>\n<p><strong>Programa clave<\/strong><\/p>\n<p><strong>A principios de octubre de 2020, cuando la pandemia avanzaba hacia su pico m\u00e1ximo en Olavarr\u00eda, la positividad lleg\u00f3 a superar el 66%<\/strong> -de unos 604 testeados, 403 dieron positivo en la semana epidemiol\u00f3gica 42- y se mantuvo cada semana por encima de 50% a lo largo de un mes entre la mitad de septiembre y mediados de octubre.<\/p>\n<p>En ese marco, la Secretar\u00eda de Salud municipal decidi\u00f3 implementar el programa RTA. <strong>\u201cResulta de suma importancia para la baja del porcentaje de positividad respecto a los contagios por Covid-19\u201d<\/strong> sostuvo el Municipio en enero al anunciar la continuidad.<\/p>\n<blockquote><p>\u201cEl programa fue clave para bajar la positividad del virus en el Partido\u201d dijo el secretario de Salud Germ\u00e1n Caputo.<\/p><\/blockquote>\n<p>&nbsp;<\/p>\n<p><iframe style=\"width: 100%; height: 600px;\" title=\"Interactive or visual content\" src=\"https:\/\/flo.uri.sh\/visualisation\/5306630\/embed\" frameborder=\"0\" scrolling=\"no\" sandbox=\"allow-same-origin allow-forms allow-scripts allow-downloads allow-popups allow-popups-to-escape-sandbox allow-top-navigation-by-user-activation\"><\/iframe><\/p>\n<div style=\"width: 100%!; margin-top: 4px!important; text-align: right!important;\"><a class=\"flourish-credit\" style=\"text-decoration: none!important;\" href=\"https:\/\/public.flourish.studio\/visualisation\/5306630\/?utm_source=embed&amp;utm_campaign=visualisation\/5306630\" target=\"_top\"><img decoding=\"async\" style=\"width: 105px!important; height: 16px!important; border: none!important; margin: 0!important;\" src=\"https:\/\/public.flourish.studio\/resources\/made_with_flourish.svg\" alt=\"Made with Flourish\" \/> <\/a><\/div>\n<p><strong>Datos locales<\/strong><\/p>\n<p>Dentro de RTA, <strong>la positividad fue de 39,15% en la primera etapa<\/strong> -del 15 al 21 de octubre- y <strong>baj\u00f3 a 31,4% para la segunda etapa<\/strong> -del 24 al 31 de octubre-.<\/p>\n<p>La <strong>tercera etapa<\/strong> se concret\u00f3 del 2 al 13 de noviembre y registr\u00f3 <strong>33% de positividad<\/strong>. Entre el 16 de noviembre y el 11 de diciembre se desarroll\u00f3 la <strong>cuarta etapa<\/strong> que logr\u00f3 reducir a <strong>24,3% la positividad<\/strong>.<\/p>\n<p>La <strong>quinta y sexta etapa<\/strong> se llevaron a cabo en torno a las fiestas de fin de a\u00f1o y tuvieron <strong>17,25% y 18,36% de positividad<\/strong>, respectivamente.<\/p>\n<blockquote><p>La s\u00e9ptima etapa -del 18 al 29 de enero- baj\u00f3 la proporci\u00f3n entre testeados y confirmados a 15,78% y nuevamente se redujo en la \u00faltima etapa finalizada, la octava -del 1 al 10 de febrero- donde lleg\u00f3 a 11,05%.<\/p><\/blockquote>\n<p>El secretario Caputo expres\u00f3 \u201chemos logrado con las ediciones anteriores bajar la positividad en la ciudad y aislar a quienes fueron positivos y pensamos que <strong>es la manera de controlar la situaci\u00f3n sanitaria en el Partido<\/strong>\u201d al tiempo que tuvo en cuenta la baja de la positividad en cada etapa.<\/p>\n<p><img data-recalc-dims=\"1\" loading=\"lazy\" decoding=\"async\" class=\"aligncenter wp-image-14314\" src=\"https:\/\/i0.wp.com\/cdnoticias.com\/wp-content\/uploads\/2021\/02\/WhatsApp-Image-2021-02-20-at-17.24.27.jpeg?resize=500%2C500&#038;ssl=1\" alt=\"\" width=\"500\" height=\"500\" srcset=\"https:\/\/i0.wp.com\/cdnoticias.com\/wp-content\/uploads\/2021\/02\/WhatsApp-Image-2021-02-20-at-17.24.27.jpeg?resize=300%2C300&amp;ssl=1 300w, https:\/\/i0.wp.com\/cdnoticias.com\/wp-content\/uploads\/2021\/02\/WhatsApp-Image-2021-02-20-at-17.24.27.jpeg?resize=150%2C150&amp;ssl=1 150w, https:\/\/i0.wp.com\/cdnoticias.com\/wp-content\/uploads\/2021\/02\/WhatsApp-Image-2021-02-20-at-17.24.27.jpeg?resize=768%2C768&amp;ssl=1 768w, https:\/\/i0.wp.com\/cdnoticias.com\/wp-content\/uploads\/2021\/02\/WhatsApp-Image-2021-02-20-at-17.24.27.jpeg?resize=1024%2C1024&amp;ssl=1 1024w, https:\/\/i0.wp.com\/cdnoticias.com\/wp-content\/uploads\/2021\/02\/WhatsApp-Image-2021-02-20-at-17.24.27.jpeg?w=1280&amp;ssl=1 1280w\" sizes=\"auto, (max-width: 500px) 100vw, 500px\" \/><\/p>\n<p>Actualmente se desarrolla la <a href=\"https:\/\/cdnoticias.com\/index.php\/2021\/02\/15\/desde-el-miercoles-novena-etapa-del-programa-rta\/\" target=\"_blank\" rel=\"noopener\">novena etapa del RTA<\/a> y se incorpor\u00f3 un <a href=\"https:\/\/cdnoticias.com\/index.php\/2021\/02\/16\/aulas-seguras-el-municipio-realizara-hisopados-a-personal-docente-y-no-docente\/\" target=\"_blank\" rel=\"noopener\">programa de testeos para personal educativo<\/a> con el inicio de clases. De la mano de la tendencia a la baja de casos, <strong>por estos d\u00edas la positividad general de Olavarr\u00eda ronda entre 22 y 25%<\/strong>.<\/p>\n<blockquote><p>A\u00fan es el doble de la recomendada por la OMS, pero la combinaci\u00f3n de salida en b\u00fasqueda de los enfermos con rastreo de contactos y aislamiento ha dado resultados positivos para la contenci\u00f3n de los contagios en el distrito.<\/p><\/blockquote>\n<p>&nbsp;<\/p>\n<p>&nbsp;<\/p>\n","protected":false},"excerpt":{"rendered":"<p>Con este programa, el Municipio logr\u00f3 reducir la cantidad de casos que se \u201cescapan\u201d a los controles y facilitan la<\/p>\n","protected":false},"author":4,"featured_media":14417,"comment_status":"closed","ping_status":"closed","sticky":false,"template":"","format":"standard","meta":{"_jetpack_memberships_contains_paid_content":false,"footnotes":""},"categories":[5,1],"tags":[],"class_list":["post-14406","post","type-post","status-publish","format-standard","has-post-thumbnail","hentry","category-informacion-general","category-portada"],"jetpack_featured_media_url":"https:\/\/i0.wp.com\/cdnoticias.com\/wp-content\/uploads\/2021\/02\/RTA-Salud-Testeos-Intensivos-Territorial-N%C2%B02-3.jpg?fit=1181%2C787&ssl=1","jetpack_sharing_enabled":true,"_links":{"self":[{"href":"https:\/\/cdnoticias.com\/index.php\/wp-json\/wp\/v2\/posts\/14406","targetHints":{"allow":["GET"]}}],"collection":[{"href":"https:\/\/cdnoticias.com\/index.php\/wp-json\/wp\/v2\/posts"}],"about":[{"href":"https:\/\/cdnoticias.com\/index.php\/wp-json\/wp\/v2\/types\/post"}],"author":[{"embeddable":true,"href":"https:\/\/cdnoticias.com\/index.php\/wp-json\/wp\/v2\/users\/4"}],"replies":[{"embeddable":true,"href":"https:\/\/cdnoticias.com\/index.php\/wp-json\/wp\/v2\/comments?post=14406"}],"version-history":[{"count":0,"href":"https:\/\/cdnoticias.com\/index.php\/wp-json\/wp\/v2\/posts\/14406\/revisions"}],"wp:featuredmedia":[{"embeddable":true,"href":"https:\/\/cdnoticias.com\/index.php\/wp-json\/wp\/v2\/media\/14417"}],"wp:attachment":[{"href":"https:\/\/cdnoticias.com\/index.php\/wp-json\/wp\/v2\/media?parent=14406"}],"wp:term":[{"taxonomy":"category","embeddable":true,"href":"https:\/\/cdnoticias.com\/index.php\/wp-json\/wp\/v2\/categories?post=14406"},{"taxonomy":"post_tag","embeddable":true,"href":"https:\/\/cdnoticias.com\/index.php\/wp-json\/wp\/v2\/tags?post=14406"}],"curies":[{"name":"wp","href":"https:\/\/api.w.org\/{rel}","templated":true}]}}