{"id":144029,"date":"2025-02-01T10:45:31","date_gmt":"2025-02-01T13:45:31","guid":{"rendered":"https:\/\/cdnoticias.com\/?p=144029"},"modified":"2025-02-01T10:45:35","modified_gmt":"2025-02-01T13:45:35","slug":"ferro-inicia-la-era-liggerini-que-asume-como-dt-del-plantel-de-futbol","status":"publish","type":"post","link":"https:\/\/cdnoticias.com\/index.php\/2025\/02\/01\/ferro-inicia-la-era-liggerini-que-asume-como-dt-del-plantel-de-futbol\/","title":{"rendered":"Ferro inicia la era Liggerini que asume como DT del plantel de f\u00fatbol"},"content":{"rendered":"\n<p>Se har\u00e1 cargo desde el 17 de febrero. Contar\u00e1 con \u201cgran parte\u201d del cuerpo t\u00e9cnico anterior, y buscar\u00e1 consolidar un proceso a largo plazo para el carbonero.<\/p>\n\n\n\n<hr class=\"wp-block-separator aligncenter has-alpha-channel-opacity\"\/>\n\n\n\n<p>Luego de la derrota en la final ante Costa Brava y su eliminaci\u00f3n del Torneo Regional Amateur, <strong>Ferro inici\u00f3 la planificaci\u00f3n de su pr\u00f3ximo proyecto futbol\u00edstico con la designaci\u00f3n de un nuevo entrenador.<\/strong> Jorge Izquierdo dej\u00f3 su cargo y la dirigencia confirm\u00f3 como reemplazante a <strong>Gustavo Liggerini, un hombre con pasado en la instituci\u00f3n y amplio conocimiento del club.<\/strong><\/p>\n\n\n\n<p><strong>Liggerini lleg\u00f3 a Ferro en 2017<\/strong> como parte del cuerpo t\u00e9cnico de Vasco Erreguerena en el Argentino B. Durante esa temporada dirigi\u00f3 al equipo en la competencia local y, ante un mal arranque en el torneo regional, asumi\u00f3 como entrenador principal con el equipo en el fondo de la tabla.<\/p>\n\n\n\n<p>Su gesti\u00f3n logr\u00f3 revertir la situaci\u00f3n y<strong> llev\u00f3 al equipo hasta las finales regionales, tras eliminar a Racing en una recordada serie de penales en el estadio Domingo Colasurdo.<\/strong><\/p>\n\n\n\n<p>Pese a los rumores que lo vinculaban con dos ofertas importantes (una de ellas integrando el cuerpo t\u00e9cnico de Central C\u00f3rdoba de Santiago del Estero),<strong> Liggerini opt\u00f3 por regresar a Ferro.<\/strong><\/p>\n\n\n\n<p><strong>El v\u00ednculo con el club ser\u00e1 por tres temporadas<\/strong>, un plazo poco habitual en el f\u00fatbol de ascenso y que apunta a consolidar un proyecto a largo plazo, aunque sujeto a la exigencia de los resultados.<\/p>\n\n\n\n<p><strong>El nuevo entrenador asumir\u00e1 el pr\u00f3ximo 17 de febrero y contar\u00e1 con gran parte del cuerpo t\u00e9cnico anterior<\/strong>, aunque a\u00fan restan definiciones sobre los nombres. Desde la dirigencia se\u00f1alaron que la intenci\u00f3n es mantener el mismo grupo de trabajo para garantizar continuidad en el proceso. Liggerini, quien ya logr\u00f3 dos t\u00edtulos con Ferro, buscar\u00e1 encabezar un nuevo intento de ascenso.<\/p>\n","protected":false},"excerpt":{"rendered":"<p>Se har\u00e1 cargo desde el 17 de febrero. Contar\u00e1 con \u201cgran parte\u201d del cuerpo t\u00e9cnico anterior, y buscar\u00e1 consolidar un<\/p>\n","protected":false},"author":2,"featured_media":144030,"comment_status":"closed","ping_status":"closed","sticky":false,"template":"","format":"standard","meta":{"_jetpack_memberships_contains_paid_content":false,"footnotes":""},"categories":[1,54],"tags":[],"class_list":["post-144029","post","type-post","status-publish","format-standard","has-post-thumbnail","hentry","category-portada","category-torneo-regional-amateur"],"jetpack_featured_media_url":"https:\/\/i0.wp.com\/cdnoticias.com\/wp-content\/uploads\/2025\/02\/liggerini-dt-ferro.jpg?fit=800%2C444&ssl=1","jetpack_sharing_enabled":true,"_links":{"self":[{"href":"https:\/\/cdnoticias.com\/index.php\/wp-json\/wp\/v2\/posts\/144029","targetHints":{"allow":["GET"]}}],"collection":[{"href":"https:\/\/cdnoticias.com\/index.php\/wp-json\/wp\/v2\/posts"}],"about":[{"href":"https:\/\/cdnoticias.com\/index.php\/wp-json\/wp\/v2\/types\/post"}],"author":[{"embeddable":true,"href":"https:\/\/cdnoticias.com\/index.php\/wp-json\/wp\/v2\/users\/2"}],"replies":[{"embeddable":true,"href":"https:\/\/cdnoticias.com\/index.php\/wp-json\/wp\/v2\/comments?post=144029"}],"version-history":[{"count":0,"href":"https:\/\/cdnoticias.com\/index.php\/wp-json\/wp\/v2\/posts\/144029\/revisions"}],"wp:featuredmedia":[{"embeddable":true,"href":"https:\/\/cdnoticias.com\/index.php\/wp-json\/wp\/v2\/media\/144030"}],"wp:attachment":[{"href":"https:\/\/cdnoticias.com\/index.php\/wp-json\/wp\/v2\/media?parent=144029"}],"wp:term":[{"taxonomy":"category","embeddable":true,"href":"https:\/\/cdnoticias.com\/index.php\/wp-json\/wp\/v2\/categories?post=144029"},{"taxonomy":"post_tag","embeddable":true,"href":"https:\/\/cdnoticias.com\/index.php\/wp-json\/wp\/v2\/tags?post=144029"}],"curies":[{"name":"wp","href":"https:\/\/api.w.org\/{rel}","templated":true}]}}