{"id":144002,"date":"2025-01-31T21:16:17","date_gmt":"2025-02-01T00:16:17","guid":{"rendered":"https:\/\/cdnoticias.com\/?p=144002"},"modified":"2025-02-01T08:46:21","modified_gmt":"2025-02-01T11:46:21","slug":"con-pronostico-de-lluvia-olavarria-ya-no-esta-en-alerta-por-el-calor","status":"publish","type":"post","link":"https:\/\/cdnoticias.com\/index.php\/2025\/01\/31\/con-pronostico-de-lluvia-olavarria-ya-no-esta-en-alerta-por-el-calor\/","title":{"rendered":"Con pron\u00f3stico de lluvia, Olavarr\u00eda ya no est\u00e1 en alerta por el calor"},"content":{"rendered":"<p>Para este s\u00e1bado, el SMN anunci\u00f3 chaparrones por la ma\u00f1ana y una m\u00e1xima de 30\u00ba, aunque el domingo volver\u00e1 a subir. Este viernes, la temperatura m\u00e1xima lleg\u00f3 a 33,1\u00ba.<!--more--><\/p>\n<hr \/>\n<p>El SMN <strong>no incluy\u00f3 al centro de la provincia de Buenos Aires en el mapa de alerta por temperaturas extremas<\/strong> para el s\u00e1bado. <strong>En Olavarr\u00eda, se espera una jornada con menor amplitud t\u00e9rmica<\/strong>: marcas m\u00ednimas m\u00e1s elevadas aunque con las m\u00e1ximas por debajo de las jornadas anteriores.<\/p>\n<p>El SMN pronostic\u00f3 que <strong>el cielo estar\u00e1 parcialmente nublado<\/strong> y <strong>chaparrones durante la ma\u00f1ana<\/strong> con probabilidad de entre 10 y 40%.<\/p>\n<p>Por la madrugada, la ma\u00f1ana y la tarde<strong> el viento soplar\u00e1 del sudeste<\/strong>, y por la noche cambiar\u00e1 al este a una velocidad de entre 13 y 22 km\/h.<\/p>\n<p>Las temperaturas pasar\u00e1n de 20\u00ba a la madrugada, 23\u00ba por la ma\u00f1ana, <strong>una m\u00e1xima de 30\u00ba por la tarde<\/strong> para bajar a 27 por la noche.<\/p>\n<blockquote><p>En tanto, este viernes la Unidad Meteorol\u00f3gica de Olavarr\u00eda inform\u00f3 que la m\u00ednima de la jornada se dio a las 6.30 y fue de 16,3\u00ba mientras que la m\u00e1xima se registr\u00f3 a las 17.10 llegando a 33,1\u00ba.<\/p><\/blockquote>\n<h3>Lo que sigue<\/h3>\n<p>El <strong>pron\u00f3stico extendido<\/strong> del SMN indica <strong>lluvias para la tarde del domingo<\/strong>, para toda la jornada del lunes y nuevamente para el mi\u00e9rcoles. En todos los casos con probabilidad baja, de hasta 40%.<\/p>\n<p>En cuanto a la temperatura,<strong> el domingo se espera una m\u00e1xima de 35\u00ba y luego comienza a bajar<\/strong>: para el lunes la m\u00e1xima prevista es de 31\u00ba, de 30\u00ba para el martes y de 24\u00ba para el mi\u00e9rcoles.<\/p>\n","protected":false},"excerpt":{"rendered":"<p>Para este s\u00e1bado, el SMN anunci\u00f3 chaparrones por la ma\u00f1ana y una m\u00e1xima de 30\u00ba, aunque el domingo volver\u00e1 a<\/p>\n","protected":false},"author":4,"featured_media":122302,"comment_status":"closed","ping_status":"closed","sticky":false,"template":"","format":"standard","meta":{"_jetpack_memberships_contains_paid_content":false,"footnotes":""},"categories":[5,1],"tags":[],"class_list":["post-144002","post","type-post","status-publish","format-standard","has-post-thumbnail","hentry","category-informacion-general","category-portada"],"jetpack_featured_media_url":"https:\/\/i0.wp.com\/cdnoticias.com\/wp-content\/uploads\/2024\/08\/nublado-arroyo-lluvia-parque-01.jpg?fit=1000%2C556&ssl=1","jetpack_sharing_enabled":true,"_links":{"self":[{"href":"https:\/\/cdnoticias.com\/index.php\/wp-json\/wp\/v2\/posts\/144002","targetHints":{"allow":["GET"]}}],"collection":[{"href":"https:\/\/cdnoticias.com\/index.php\/wp-json\/wp\/v2\/posts"}],"about":[{"href":"https:\/\/cdnoticias.com\/index.php\/wp-json\/wp\/v2\/types\/post"}],"author":[{"embeddable":true,"href":"https:\/\/cdnoticias.com\/index.php\/wp-json\/wp\/v2\/users\/4"}],"replies":[{"embeddable":true,"href":"https:\/\/cdnoticias.com\/index.php\/wp-json\/wp\/v2\/comments?post=144002"}],"version-history":[{"count":0,"href":"https:\/\/cdnoticias.com\/index.php\/wp-json\/wp\/v2\/posts\/144002\/revisions"}],"wp:featuredmedia":[{"embeddable":true,"href":"https:\/\/cdnoticias.com\/index.php\/wp-json\/wp\/v2\/media\/122302"}],"wp:attachment":[{"href":"https:\/\/cdnoticias.com\/index.php\/wp-json\/wp\/v2\/media?parent=144002"}],"wp:term":[{"taxonomy":"category","embeddable":true,"href":"https:\/\/cdnoticias.com\/index.php\/wp-json\/wp\/v2\/categories?post=144002"},{"taxonomy":"post_tag","embeddable":true,"href":"https:\/\/cdnoticias.com\/index.php\/wp-json\/wp\/v2\/tags?post=144002"}],"curies":[{"name":"wp","href":"https:\/\/api.w.org\/{rel}","templated":true}]}}