{"id":14399,"date":"2021-02-22T09:19:11","date_gmt":"2021-02-22T12:19:11","guid":{"rendered":"http:\/\/www.centraldenoticias.com.ar\/?p=14399"},"modified":"2021-02-22T09:19:11","modified_gmt":"2021-02-22T12:19:11","slug":"el-cepeac-abrio-la-inscripcion-a-sus-carreras","status":"publish","type":"post","link":"https:\/\/cdnoticias.com\/index.php\/2021\/02\/22\/el-cepeac-abrio-la-inscripcion-a-sus-carreras\/","title":{"rendered":"El Cepeac abri\u00f3 la inscripci\u00f3n a sus carreras"},"content":{"rendered":"<p>Se ofrecen dos opciones \u201ca ciclo cerrado\u201d: Profesorado de teatro y Tecnicatura superior en artes y medios audiovisuales. Se reciben interesados hasta el 8 de marzo.<!--more--><\/p>\n<hr \/>\n<p>El <strong>Centro de Producci\u00f3n y Educaci\u00f3n Art\u00edstico y Cultural (Ce.P.E.A.C.) N\u00b0 1<\/strong> abri\u00f3 la inscripci\u00f3n para las carreras del ciclo lectivo.<\/p>\n<p>La instituci\u00f3n funciona desde mayo de 2016 en turno vespertino. Depende de la Direcci\u00f3n de Educaci\u00f3n Art\u00edstica y su sede se ubica en Jun\u00edn y Col\u00f3n (C.E.C. 801).<\/p>\n<p>Para este a\u00f1o se abrieron <strong>dos propuestas educativas art\u00edsticas y p\u00fablicas, ambas con cuatro a\u00f1os de duraci\u00f3n<\/strong>:<\/p>\n<p>&#8211;<strong>Profesorado de teatro<\/strong>: destinado a alumnos cursantes del \u00faltimo a\u00f1o de secundario o personas con t\u00edtulo de secundaria completo.<\/p>\n<p>&#8211;<strong>Tecnicatura superior en artes y medios audiovisuales<\/strong>: destinado a: alumnos cursantes del \u00faltimo a\u00f1o de secundario o personas con t\u00edtulo de secundario completo.<\/p>\n<p>Los <strong>requisitos de inscripci\u00f3n<\/strong> para los interesados son presentar una planilla de inscripci\u00f3n, fotocopia del DNI y t\u00edtulo secundario o constancia de t\u00edtulo en tr\u00e1mite. Los estudiantes binomio 2020-2021 pueden cursar el ciclo nivelatorio. Esta documentaci\u00f3n debe presentarse en carpeta cartulina A4 u oficio.<\/p>\n<blockquote><p>\u201cTanto el profesorado como la tecnicatura son a ciclo cerrado, esto significa que se abren por \u00fanica vez y, hasta que no egresen despu\u00e9s de 4 a\u00f1os, no se vuelve a abrir\u201d se aclar\u00f3 desde la instituci\u00f3n.<\/p><\/blockquote>\n<p><strong>Los interesados pueden anotarse hasta el 8 de marzo<\/strong> en la sede de Jun\u00edn y Col\u00f3n de 18 a 20 horas. Tambi\u00e9n se reciben consultas en los tel\u00e9fonos de la instituci\u00f3n 457072 y 457068, y en el mail <em>cepeacn1olavarria@gmail.com<\/em>.<\/p>\n","protected":false},"excerpt":{"rendered":"<p>Se ofrecen dos opciones \u201ca ciclo cerrado\u201d: Profesorado de teatro y Tecnicatura superior en artes y medios audiovisuales. Se reciben<\/p>\n","protected":false},"author":4,"featured_media":14401,"comment_status":"closed","ping_status":"closed","sticky":false,"template":"","format":"standard","meta":{"_jetpack_memberships_contains_paid_content":false,"footnotes":""},"categories":[5,1],"tags":[],"class_list":["post-14399","post","type-post","status-publish","format-standard","has-post-thumbnail","hentry","category-informacion-general","category-portada"],"jetpack_featured_media_url":"https:\/\/i0.wp.com\/cdnoticias.com\/wp-content\/uploads\/2021\/02\/CEPEAC-colon-y-junin.jpeg?fit=1280%2C720&ssl=1","jetpack_sharing_enabled":true,"_links":{"self":[{"href":"https:\/\/cdnoticias.com\/index.php\/wp-json\/wp\/v2\/posts\/14399","targetHints":{"allow":["GET"]}}],"collection":[{"href":"https:\/\/cdnoticias.com\/index.php\/wp-json\/wp\/v2\/posts"}],"about":[{"href":"https:\/\/cdnoticias.com\/index.php\/wp-json\/wp\/v2\/types\/post"}],"author":[{"embeddable":true,"href":"https:\/\/cdnoticias.com\/index.php\/wp-json\/wp\/v2\/users\/4"}],"replies":[{"embeddable":true,"href":"https:\/\/cdnoticias.com\/index.php\/wp-json\/wp\/v2\/comments?post=14399"}],"version-history":[{"count":0,"href":"https:\/\/cdnoticias.com\/index.php\/wp-json\/wp\/v2\/posts\/14399\/revisions"}],"wp:featuredmedia":[{"embeddable":true,"href":"https:\/\/cdnoticias.com\/index.php\/wp-json\/wp\/v2\/media\/14401"}],"wp:attachment":[{"href":"https:\/\/cdnoticias.com\/index.php\/wp-json\/wp\/v2\/media?parent=14399"}],"wp:term":[{"taxonomy":"category","embeddable":true,"href":"https:\/\/cdnoticias.com\/index.php\/wp-json\/wp\/v2\/categories?post=14399"},{"taxonomy":"post_tag","embeddable":true,"href":"https:\/\/cdnoticias.com\/index.php\/wp-json\/wp\/v2\/tags?post=14399"}],"curies":[{"name":"wp","href":"https:\/\/api.w.org\/{rel}","templated":true}]}}