{"id":143975,"date":"2025-01-31T13:07:44","date_gmt":"2025-01-31T16:07:44","guid":{"rendered":"https:\/\/cdnoticias.com\/?p=143975"},"modified":"2025-01-31T13:07:49","modified_gmt":"2025-01-31T16:07:49","slug":"festival-nacional-de-doma-y-folklore-ya-hay-fila-para-la-venta-de-plateas","status":"publish","type":"post","link":"https:\/\/cdnoticias.com\/index.php\/2025\/01\/31\/festival-nacional-de-doma-y-folklore-ya-hay-fila-para-la-venta-de-plateas\/","title":{"rendered":"Festival Nacional de Doma y Folklore: ya hay fila para la venta de plateas"},"content":{"rendered":"<p>La venta comenzar\u00e1 a las 6 de la ma\u00f1ana del s\u00e1bado en forma presencial, pero desde este jueves hay espera en la Galer\u00eda Vicente L\u00f3pez.<!--more--><\/p>\n<hr \/>\n<p><a href=\"https:\/\/cdnoticias.com\/index.php\/2025\/01\/29\/festival-nacional-de-doma-y-folklore-comienza-la-venta-de-plateas\/\" target=\"_blank\" rel=\"noopener\">Tal como se adelant\u00f3<\/a>, a partir del<strong> 1 de febrero a las 6 de la ma\u00f1ana<\/strong> se dar\u00e1 inicio la <strong>venta de plateas para el 21\u00ba Festival Nacional de Doma y Folklore de Olavarr\u00eda<\/strong>, que se llevar\u00e1 a cabo del 7 al 9 de marzo en el predio de la Sociedad Rural.<\/p>\n<p>La<strong> venta es presencial<\/strong> y, para asegurarse una silla, <strong>ya hay fila de fan\u00e1ticos en la Galer\u00eda Vicente L\u00f3pez<\/strong>. Algunos <strong>llegaron el jueves para apostarse<\/strong> en el ingreso la Galer\u00eda a fin de acceder a la entrada en el lugar privilegiado. Con <strong>reposeras, equipos de mate, libros<\/strong> y hasta familias y amigos en apoyo.<\/p>\n<p><img data-recalc-dims=\"1\" loading=\"lazy\" decoding=\"async\" class=\"size-full wp-image-143977 aligncenter\" src=\"https:\/\/i0.wp.com\/cdnoticias.com\/wp-content\/uploads\/2025\/01\/Festival-Nacional-de-Doma-plateas-2.jpg?resize=800%2C602&#038;ssl=1\" alt=\"\" width=\"800\" height=\"602\" srcset=\"https:\/\/i0.wp.com\/cdnoticias.com\/wp-content\/uploads\/2025\/01\/Festival-Nacional-de-Doma-plateas-2.jpg?w=1000&amp;ssl=1 1000w, https:\/\/i0.wp.com\/cdnoticias.com\/wp-content\/uploads\/2025\/01\/Festival-Nacional-de-Doma-plateas-2.jpg?resize=300%2C226&amp;ssl=1 300w, https:\/\/i0.wp.com\/cdnoticias.com\/wp-content\/uploads\/2025\/01\/Festival-Nacional-de-Doma-plateas-2.jpg?resize=768%2C578&amp;ssl=1 768w\" sizes=\"auto, (max-width: 800px) 100vw, 800px\" \/><\/p>\n<p>El costo es de <strong>20 mil pesos para los tres d\u00edas.<\/strong><\/p>\n<p>Desde la producci\u00f3n del Festival indicaron que para adquirir las plateas, <strong>es obligatorio haber adquirido la rifa correspondiente<\/strong>.<\/p>\n<p>Podr\u00e1n comprarse de manera presencial en la oficina de ventas e informes del Festival, ubicada en Galer\u00eda Vicente L\u00f3pez local 9 (Vicente L\u00f3pez 2865 de Olavarr\u00eda), o telef\u00f3nicamente al 02284 427660.<\/p>\n<p><img data-recalc-dims=\"1\" loading=\"lazy\" decoding=\"async\" class=\"size-full wp-image-143978 aligncenter\" src=\"https:\/\/i0.wp.com\/cdnoticias.com\/wp-content\/uploads\/2025\/01\/Festival-Nacional-de-Doma-plateas-1.jpg?resize=800%2C445&#038;ssl=1\" alt=\"\" width=\"800\" height=\"445\" srcset=\"https:\/\/i0.wp.com\/cdnoticias.com\/wp-content\/uploads\/2025\/01\/Festival-Nacional-de-Doma-plateas-1.jpg?w=1000&amp;ssl=1 1000w, https:\/\/i0.wp.com\/cdnoticias.com\/wp-content\/uploads\/2025\/01\/Festival-Nacional-de-Doma-plateas-1.jpg?resize=300%2C167&amp;ssl=1 300w, https:\/\/i0.wp.com\/cdnoticias.com\/wp-content\/uploads\/2025\/01\/Festival-Nacional-de-Doma-plateas-1.jpg?resize=768%2C427&amp;ssl=1 768w, https:\/\/i0.wp.com\/cdnoticias.com\/wp-content\/uploads\/2025\/01\/Festival-Nacional-de-Doma-plateas-1.jpg?resize=800%2C445&amp;ssl=1 800w\" sizes=\"auto, (max-width: 800px) 100vw, 800px\" \/><\/p>\n","protected":false},"excerpt":{"rendered":"<p>La venta comenzar\u00e1 a las 6 de la ma\u00f1ana del s\u00e1bado en forma presencial, pero desde este jueves hay espera<\/p>\n","protected":false},"author":4,"featured_media":143976,"comment_status":"closed","ping_status":"closed","sticky":false,"template":"","format":"standard","meta":{"_jetpack_memberships_contains_paid_content":false,"footnotes":""},"categories":[9,1],"tags":[],"class_list":["post-143975","post","type-post","status-publish","format-standard","has-post-thumbnail","hentry","category-cultura","category-portada"],"jetpack_featured_media_url":"https:\/\/i0.wp.com\/cdnoticias.com\/wp-content\/uploads\/2025\/01\/Festival-Nacional-de-Doma-plateas-3.jpg?fit=1000%2C556&ssl=1","jetpack_sharing_enabled":true,"_links":{"self":[{"href":"https:\/\/cdnoticias.com\/index.php\/wp-json\/wp\/v2\/posts\/143975","targetHints":{"allow":["GET"]}}],"collection":[{"href":"https:\/\/cdnoticias.com\/index.php\/wp-json\/wp\/v2\/posts"}],"about":[{"href":"https:\/\/cdnoticias.com\/index.php\/wp-json\/wp\/v2\/types\/post"}],"author":[{"embeddable":true,"href":"https:\/\/cdnoticias.com\/index.php\/wp-json\/wp\/v2\/users\/4"}],"replies":[{"embeddable":true,"href":"https:\/\/cdnoticias.com\/index.php\/wp-json\/wp\/v2\/comments?post=143975"}],"version-history":[{"count":0,"href":"https:\/\/cdnoticias.com\/index.php\/wp-json\/wp\/v2\/posts\/143975\/revisions"}],"wp:featuredmedia":[{"embeddable":true,"href":"https:\/\/cdnoticias.com\/index.php\/wp-json\/wp\/v2\/media\/143976"}],"wp:attachment":[{"href":"https:\/\/cdnoticias.com\/index.php\/wp-json\/wp\/v2\/media?parent=143975"}],"wp:term":[{"taxonomy":"category","embeddable":true,"href":"https:\/\/cdnoticias.com\/index.php\/wp-json\/wp\/v2\/categories?post=143975"},{"taxonomy":"post_tag","embeddable":true,"href":"https:\/\/cdnoticias.com\/index.php\/wp-json\/wp\/v2\/tags?post=143975"}],"curies":[{"name":"wp","href":"https:\/\/api.w.org\/{rel}","templated":true}]}}