{"id":143964,"date":"2025-02-03T14:17:22","date_gmt":"2025-02-03T17:17:22","guid":{"rendered":"https:\/\/cdnoticias.com\/?p=143964"},"modified":"2025-02-03T14:17:26","modified_gmt":"2025-02-03T17:17:26","slug":"de-la-serendipia-a-lo-vivencial-que-tenemos-para-contar","status":"publish","type":"post","link":"https:\/\/cdnoticias.com\/index.php\/2025\/02\/03\/de-la-serendipia-a-lo-vivencial-que-tenemos-para-contar\/","title":{"rendered":"De la serendipia a lo vivencial: \u00bfqu\u00e9 tenemos para contar?"},"content":{"rendered":"<p>Los nombres que surgen en las colecciones, obras que unen la novela con la biograf\u00eda. Infinitas curas y \u201cenvejeceres\u201d.<!--more--><\/p>\n<hr \/>\n<p><em>Por ediciones delaltillo<\/em><\/p>\n<p>Seg\u00fan definiciones \u201coficiales\u201d, una<strong> serendipia es un descubrimiento que puede llegar a ser bueno o valioso de manera accidental o casual<\/strong>, al momento de estar buscando una cosa diferente a la sucedida. Es decir, algo as\u00ed como <strong>un eureka al rev\u00e9s<\/strong>. Desde editorial delaltillo alguna vez decidimos <strong>usar Serendipia para nombrar una nueva colecci\u00f3n<\/strong> del cat\u00e1logo. Lo hicimos con la aprobaci\u00f3n de los autores que formar\u00edan parte, ya que a todos les pareci\u00f3 bien nombrar as\u00ed aquellos textos que no se encuadran en g\u00e9neros conocidos como novela, cuento o biograf\u00eda.<\/p>\n<p>A la hora de pensar qu\u00e9 tenemos para contar y c\u00f3mo darle formato, fuimos desarrollando ideas m\u00e1s precisas para cada interg\u00e9nero que apareciera. Es as\u00ed como lleg\u00f3 la <strong>colecci\u00f3n Vivencial<\/strong>. Nos pareci\u00f3 adecuado <strong>unir la novela con la biograf\u00eda<\/strong> sin caer en denominaciones gastadas como \u201chistorias de vida\u201d o \u201crelatos testimoniales\u201d. Es interesante destacar que los l\u00edmites de la ficci\u00f3n y de la realidad se juegan en todos los g\u00e9neros.<\/p>\n<p>Uno de los libros de la colecci\u00f3n Serendipia es <strong>Retrato de una pasi\u00f3n &#8211; Omar Cea, de Daniel Lecointre<\/strong>. Este libro recorre la historia del doctor Omar C\u00e9sar Cea. Historia que comienza con la escena de ese pediatra que apoya la cabeza sobre la espalda de un ni\u00f1o para escuchar. Ese o\u00eddo ser\u00e1 b\u00e1lsamo tambi\u00e9n para infinitas curas que no s\u00f3lo son f\u00edsicas. Y, adem\u00e1s de la escucha, este libro recorre las palabras que dej\u00f3 sembradas el protagonista.<\/p>\n<p>Cuando la colecci\u00f3n cambi\u00f3 a Vivencial, lleg\u00f3 la obra <strong>Recuerdos astillados \u2013 una experiencia con el Alzheimer de Claudia Mabel Acosta Pini<\/strong>. Con exquisita objetividad, este libro, desnuda todas las posibilidades con las que pueden encontrarse v\u00edctimas y victimarios a la hora de enfrentar este mal llamado Alzheimer. \u201cHe vivenciado sus envejeceres\u201d dice la autora de este libro que<strong> se encuentra en pre-venta<\/strong> y estar\u00e1 en el mercado a partir del mes de marzo de este a\u00f1o.<\/p>\n","protected":false},"excerpt":{"rendered":"<p>Los nombres que surgen en las colecciones, obras que unen la novela con la biograf\u00eda. Infinitas curas y \u201cenvejeceres\u201d.<\/p>\n","protected":false},"author":4,"featured_media":143965,"comment_status":"closed","ping_status":"closed","sticky":false,"template":"","format":"standard","meta":{"_jetpack_memberships_contains_paid_content":false,"footnotes":""},"categories":[9,1],"tags":[],"class_list":["post-143964","post","type-post","status-publish","format-standard","has-post-thumbnail","hentry","category-cultura","category-portada"],"jetpack_featured_media_url":"https:\/\/i0.wp.com\/cdnoticias.com\/wp-content\/uploads\/2025\/01\/del-altillo-Lecointre-costa-pini.jpg?fit=1000%2C556&ssl=1","jetpack_sharing_enabled":true,"_links":{"self":[{"href":"https:\/\/cdnoticias.com\/index.php\/wp-json\/wp\/v2\/posts\/143964","targetHints":{"allow":["GET"]}}],"collection":[{"href":"https:\/\/cdnoticias.com\/index.php\/wp-json\/wp\/v2\/posts"}],"about":[{"href":"https:\/\/cdnoticias.com\/index.php\/wp-json\/wp\/v2\/types\/post"}],"author":[{"embeddable":true,"href":"https:\/\/cdnoticias.com\/index.php\/wp-json\/wp\/v2\/users\/4"}],"replies":[{"embeddable":true,"href":"https:\/\/cdnoticias.com\/index.php\/wp-json\/wp\/v2\/comments?post=143964"}],"version-history":[{"count":0,"href":"https:\/\/cdnoticias.com\/index.php\/wp-json\/wp\/v2\/posts\/143964\/revisions"}],"wp:featuredmedia":[{"embeddable":true,"href":"https:\/\/cdnoticias.com\/index.php\/wp-json\/wp\/v2\/media\/143965"}],"wp:attachment":[{"href":"https:\/\/cdnoticias.com\/index.php\/wp-json\/wp\/v2\/media?parent=143964"}],"wp:term":[{"taxonomy":"category","embeddable":true,"href":"https:\/\/cdnoticias.com\/index.php\/wp-json\/wp\/v2\/categories?post=143964"},{"taxonomy":"post_tag","embeddable":true,"href":"https:\/\/cdnoticias.com\/index.php\/wp-json\/wp\/v2\/tags?post=143964"}],"curies":[{"name":"wp","href":"https:\/\/api.w.org\/{rel}","templated":true}]}}