{"id":143952,"date":"2025-01-31T09:37:51","date_gmt":"2025-01-31T12:37:51","guid":{"rendered":"https:\/\/cdnoticias.com\/?p=143952"},"modified":"2025-01-31T12:16:14","modified_gmt":"2025-01-31T15:16:14","slug":"por-los-incidentes-en-ferro-costa-brava-fuerte-sancion-del-consejo-federal","status":"publish","type":"post","link":"https:\/\/cdnoticias.com\/index.php\/2025\/01\/31\/por-los-incidentes-en-ferro-costa-brava-fuerte-sancion-del-consejo-federal\/","title":{"rendered":"Por los incidentes en Ferro-Costa Brava, fuerte sanci\u00f3n del Consejo Federal"},"content":{"rendered":"<p>Se dict\u00f3 la suspensi\u00f3n para el estadio Domingo Colasurdo y una importante multa. \u201cSe advierte el comportamiento reprochable de los simpatizantes de Ferro\u201d concluy\u00f3 el Tribunal de Penas.<!--more--><\/p>\n<hr \/>\n<p>El<strong> Tribunal de Penas del Consejo Federal<\/strong> dict\u00f3<strong> fuertes sanciones para el Club Ferro Carril Sud de Olavarr\u00eda<\/strong> por <a href=\"https:\/\/cdnoticias.com\/index.php\/2025\/01\/20\/regional-amateur-ferro-no-pudo-de-local-ante-costa-brava-en-un-polemico-partido\/\" target=\"_blank\" rel=\"noopener\">los<strong> incidentes<\/strong> que se desarrollaron el 19 de enero<\/a>, en la<strong> primera final de la Regi\u00f3n Pampeana Sur del Torneo Regional Amateur<\/strong> ante el pampeano Costa Brava que se jug\u00f3 en el estadio Domingo Colasurdo.<\/p>\n<p>La resoluci\u00f3n, que se conoci\u00f3 durante el jueves, dispuso la<strong> suspensi\u00f3n del estadio y una multa.<\/strong><\/p>\n<blockquote><p>La primera medida indicada es \u201cmulta de valor entradas generales 100 por cada una de tres fechas, por el comportamiento de sus simpatizantes\u201d. La segunda medida dictada fue \u201cdeterminar la clausura por el t\u00e9rmino de 2 meses del estadio \u00b4Domingo Francisco Colasurdo\u00b4 del Club Ferrocarril Sud de la ciudad de Olavarr\u00eda, para que el mismo pueda actuar de local\u201d.<\/p><\/blockquote>\n<p><img data-recalc-dims=\"1\" loading=\"lazy\" decoding=\"async\" class=\"size-full wp-image-134955 aligncenter\" src=\"https:\/\/i0.wp.com\/cdnoticias.com\/wp-content\/uploads\/2025\/01\/Ferro-CostaBrava-37.jpg?resize=800%2C534&#038;ssl=1\" alt=\"\" width=\"800\" height=\"534\" srcset=\"https:\/\/i0.wp.com\/cdnoticias.com\/wp-content\/uploads\/2025\/01\/Ferro-CostaBrava-37.jpg?w=1024&amp;ssl=1 1024w, https:\/\/i0.wp.com\/cdnoticias.com\/wp-content\/uploads\/2025\/01\/Ferro-CostaBrava-37.jpg?resize=300%2C200&amp;ssl=1 300w, https:\/\/i0.wp.com\/cdnoticias.com\/wp-content\/uploads\/2025\/01\/Ferro-CostaBrava-37.jpg?resize=768%2C512&amp;ssl=1 768w, https:\/\/i0.wp.com\/cdnoticias.com\/wp-content\/uploads\/2025\/01\/Ferro-CostaBrava-37.jpg?resize=272%2C182&amp;ssl=1 272w\" sizes=\"auto, (max-width: 800px) 100vw, 800px\" \/><\/p>\n<p>La resoluci\u00f3n fue impulsada a partir del<strong> informe que present\u00f3 el \u00e1rbitro Carlos Salinas<\/strong>, quien detall\u00f3 las suspensiones del juego por el comportamiento de la parcialidad de Ferro, y adem\u00e1s <strong>los representantes del carbonero tuvieron la instancia de descargo<\/strong>.<\/p>\n<p>El Tribunal de Penas inform\u00f3 que analiz\u00f3 videos en los que \u201c<strong>se advierte el comportamiento reprochable de los simpatizantes de Ferro\u201d<\/strong> en distintos momentos del desarrollo del juego y consider\u00f3 que <strong>\u201clos hechos informados son de suma gravedad\u201d<\/strong> al tiempo que a\u00f1adi\u00f3 que <strong>el club olavarriense \u201cno debe hacerse el distra\u00eddo por el comportamiento inapropiado de sus hinchas, por lo que se lo debe castigar con extremo rigor legal\u201d<\/strong>.<\/p>\n<blockquote><p>En funci\u00f3n de los hechos acreditados, el organismo del Consejo Federal concluy\u00f3 que \u201cse puede apreciar la responsabilidad objetiva del Club Ferro Carril Sud, por del comportamiento de sus allegados\u201d.<\/p><\/blockquote>\n<blockquote class=\"wp-embedded-content\" data-secret=\"v6RNAKW8tr\"><p><a href=\"https:\/\/cdnoticias.com\/index.php\/2025\/01\/20\/regional-amateur-ferro-no-pudo-de-local-ante-costa-brava-en-un-polemico-partido\/\">Regional Amateur: Ferro no pudo de local ante Costa Brava en un pol\u00e9mico partido<\/a><\/p><\/blockquote>\n<p><iframe loading=\"lazy\" class=\"wp-embedded-content\" sandbox=\"allow-scripts\" security=\"restricted\" style=\"position: absolute; visibility: hidden;\" title=\"&#8220;Regional Amateur: Ferro no pudo de local ante Costa Brava en un pol\u00e9mico partido&#8221; &#8212; Central de Noticias | Olavarr\u00eda\" src=\"https:\/\/cdnoticias.com\/index.php\/2025\/01\/20\/regional-amateur-ferro-no-pudo-de-local-ante-costa-brava-en-un-polemico-partido\/embed\/#?secret=dXk27e1IDV#?secret=v6RNAKW8tr\" data-secret=\"v6RNAKW8tr\" width=\"600\" height=\"338\" frameborder=\"0\" marginwidth=\"0\" marginheight=\"0\" scrolling=\"no\"><\/iframe><\/p>\n","protected":false},"excerpt":{"rendered":"<p>Se dict\u00f3 la suspensi\u00f3n para el estadio Domingo Colasurdo y una importante multa. \u201cSe advierte el comportamiento reprochable de los<\/p>\n","protected":false},"author":4,"featured_media":134950,"comment_status":"closed","ping_status":"closed","sticky":false,"template":"","format":"standard","meta":{"_jetpack_memberships_contains_paid_content":false,"footnotes":""},"categories":[29,1],"tags":[],"class_list":["post-143952","post","type-post","status-publish","format-standard","has-post-thumbnail","hentry","category-deportes","category-portada"],"jetpack_featured_media_url":"https:\/\/i0.wp.com\/cdnoticias.com\/wp-content\/uploads\/2025\/01\/Ferro-CostaBrava-32.jpg?fit=1024%2C683&ssl=1","jetpack_sharing_enabled":true,"_links":{"self":[{"href":"https:\/\/cdnoticias.com\/index.php\/wp-json\/wp\/v2\/posts\/143952","targetHints":{"allow":["GET"]}}],"collection":[{"href":"https:\/\/cdnoticias.com\/index.php\/wp-json\/wp\/v2\/posts"}],"about":[{"href":"https:\/\/cdnoticias.com\/index.php\/wp-json\/wp\/v2\/types\/post"}],"author":[{"embeddable":true,"href":"https:\/\/cdnoticias.com\/index.php\/wp-json\/wp\/v2\/users\/4"}],"replies":[{"embeddable":true,"href":"https:\/\/cdnoticias.com\/index.php\/wp-json\/wp\/v2\/comments?post=143952"}],"version-history":[{"count":0,"href":"https:\/\/cdnoticias.com\/index.php\/wp-json\/wp\/v2\/posts\/143952\/revisions"}],"wp:featuredmedia":[{"embeddable":true,"href":"https:\/\/cdnoticias.com\/index.php\/wp-json\/wp\/v2\/media\/134950"}],"wp:attachment":[{"href":"https:\/\/cdnoticias.com\/index.php\/wp-json\/wp\/v2\/media?parent=143952"}],"wp:term":[{"taxonomy":"category","embeddable":true,"href":"https:\/\/cdnoticias.com\/index.php\/wp-json\/wp\/v2\/categories?post=143952"},{"taxonomy":"post_tag","embeddable":true,"href":"https:\/\/cdnoticias.com\/index.php\/wp-json\/wp\/v2\/tags?post=143952"}],"curies":[{"name":"wp","href":"https:\/\/api.w.org\/{rel}","templated":true}]}}