{"id":143888,"date":"2025-01-30T16:41:17","date_gmt":"2025-01-30T19:41:17","guid":{"rendered":"https:\/\/cdnoticias.com\/?p=143888"},"modified":"2025-01-30T21:19:08","modified_gmt":"2025-01-31T00:19:08","slug":"el-municipio-desplego-un-operativo-de-abordaje-integral-en-colonia-san-miguel","status":"publish","type":"post","link":"https:\/\/cdnoticias.com\/index.php\/2025\/01\/30\/el-municipio-desplego-un-operativo-de-abordaje-integral-en-colonia-san-miguel\/","title":{"rendered":"El Municipio despleg\u00f3 un operativo de abordaje integral en Colonia San Miguel"},"content":{"rendered":"<p>Se trat\u00f3 de una intervenci\u00f3n de distintas \u00e1reas dependientes de la Secretar\u00eda de Obras P\u00fablicas, con especial \u00e9nfasis en el predio del Balneario Municipal.<!--more--><\/p>\n<hr \/>\n<p>El <strong>Municipio de Olavarr\u00eda<\/strong> llev\u00f3 adelante en <strong>Colonia San Miguel<\/strong> un<strong> operativo de abordaje integral<\/strong> que fue desplegado desde la Secretar\u00eda de Obras, Infraestructura y Servicios P\u00fablicos. <em>\u201cUna intervenci\u00f3n de similares caracter\u00edsticas a la que d\u00edas atr\u00e1s se desarroll\u00f3 <a href=\"https:\/\/cdnoticias.com\/index.php\/2025\/01\/26\/tareas-de-mantenimiento-y-limpieza-en-colonia-nievas\/\" target=\"_blank\" rel=\"noopener\">en Colonia Nievas<\/a> <\/em>y que seguir\u00e1 replic\u00e1ndose en distintos puntos de todo el Partido\u201d indic\u00f3 el Ejecutivo.<\/p>\n<p>Las actividades se llevaron a cabo el martes. Las tareas tuvieron como objetivo no s\u00f3lo el <strong>predio del Balneario Municipal<\/strong>, sino tambi\u00e9n <strong>espacios p\u00fablicos y calles<\/strong> de distintos sectores de la localidad.<\/p>\n<p>Las tareas se iniciaron con la ma\u00f1ana y se prolongaron hasta ya transcurridas las primeras horas de la tarde, con un <strong>importante despliegue tanto de maquinaria como personal municipal.<\/strong><\/p>\n<p><img data-recalc-dims=\"1\" loading=\"lazy\" decoding=\"async\" class=\"alignnone size-full wp-image-143890\" src=\"https:\/\/i0.wp.com\/cdnoticias.com\/wp-content\/uploads\/2025\/01\/OP-Mantenimiento-Colonia-San-Miguel-10-scaled-1.jpg?resize=800%2C445&#038;ssl=1\" alt=\"\" width=\"800\" height=\"445\" srcset=\"https:\/\/i0.wp.com\/cdnoticias.com\/wp-content\/uploads\/2025\/01\/OP-Mantenimiento-Colonia-San-Miguel-10-scaled-1.jpg?w=1000&amp;ssl=1 1000w, https:\/\/i0.wp.com\/cdnoticias.com\/wp-content\/uploads\/2025\/01\/OP-Mantenimiento-Colonia-San-Miguel-10-scaled-1.jpg?resize=300%2C167&amp;ssl=1 300w, https:\/\/i0.wp.com\/cdnoticias.com\/wp-content\/uploads\/2025\/01\/OP-Mantenimiento-Colonia-San-Miguel-10-scaled-1.jpg?resize=768%2C427&amp;ssl=1 768w, https:\/\/i0.wp.com\/cdnoticias.com\/wp-content\/uploads\/2025\/01\/OP-Mantenimiento-Colonia-San-Miguel-10-scaled-1.jpg?resize=800%2C445&amp;ssl=1 800w\" sizes=\"auto, (max-width: 800px) 100vw, 800px\" \/><\/p>\n<p><strong>Bacheo de calles pavimentadas y nivelaci\u00f3n y mejora de caminos no pavimentados<\/strong> tambi\u00e9n fue una de las acciones desplegadas.<\/p>\n<p>En los trabajos, que abarcaron gran parte de la localidad, se dispuso la <em>labor conjunta y complementaria de una pala mec\u00e1nica, una motoniveladora y la minicargadora Bobcat con rodillo<\/em>, como as\u00ed tambi\u00e9n<em> camiones de soporte<\/em> para el traslado de materiales y equipos.<\/p>\n<p>De manera paralela, <strong>en el interior del predio del Balneario Municipal, se desplegaron diversas tareas tanto de mantenimiento como de embellecimiento<\/strong> de ese tradicional espacio que disfrutan no s\u00f3lo las y los olavarrienses, sino tambi\u00e9n personas que arriban de distintos puntos de la regi\u00f3n.<\/p>\n<p><img data-recalc-dims=\"1\" loading=\"lazy\" decoding=\"async\" class=\"size-full wp-image-143889 aligncenter\" src=\"https:\/\/i0.wp.com\/cdnoticias.com\/wp-content\/uploads\/2025\/01\/OP-Mantenimiento-Colonia-San-Miguel-1-scaled-1.jpg?resize=800%2C445&#038;ssl=1\" alt=\"\" width=\"800\" height=\"445\" srcset=\"https:\/\/i0.wp.com\/cdnoticias.com\/wp-content\/uploads\/2025\/01\/OP-Mantenimiento-Colonia-San-Miguel-1-scaled-1.jpg?w=1000&amp;ssl=1 1000w, https:\/\/i0.wp.com\/cdnoticias.com\/wp-content\/uploads\/2025\/01\/OP-Mantenimiento-Colonia-San-Miguel-1-scaled-1.jpg?resize=300%2C167&amp;ssl=1 300w, https:\/\/i0.wp.com\/cdnoticias.com\/wp-content\/uploads\/2025\/01\/OP-Mantenimiento-Colonia-San-Miguel-1-scaled-1.jpg?resize=768%2C427&amp;ssl=1 768w, https:\/\/i0.wp.com\/cdnoticias.com\/wp-content\/uploads\/2025\/01\/OP-Mantenimiento-Colonia-San-Miguel-1-scaled-1.jpg?resize=800%2C445&amp;ssl=1 800w\" sizes=\"auto, (max-width: 800px) 100vw, 800px\" \/><\/p>\n<p>Personal del \u00e1rea de Espacios Verdes llev\u00f3 a cabo el<strong> corte de pastos de todo el lugar, inclusive la vera del arroyo Nievas<\/strong>, como as\u00ed tambi\u00e9n los <strong>sectores comunes de fogones\/parrillas y plaza para ni\u00f1os y ni\u00f1os<\/strong>.<\/p>\n<p>A la par, una cuadrilla municipal del \u00e1rea de mantenimiento urbano realiz\u00f3 la <strong>reparaci\u00f3n, lijado y pintura de los juegos<\/strong>, recuperando de esta manera hamacas, toboganes y m\u00e1s.<\/p>\n<p>El Municipio de Olavarr\u00eda invit\u00f3 a la comunidad de todo el Partido y la regi\u00f3n a disfrutar de este hermoso espacio, como as\u00ed tambi\u00e9n apela a la colaboraci\u00f3n para poder preservarlo.<\/p>\n<p><img data-recalc-dims=\"1\" loading=\"lazy\" decoding=\"async\" class=\"size-full wp-image-143892 aligncenter\" src=\"https:\/\/i0.wp.com\/cdnoticias.com\/wp-content\/uploads\/2025\/01\/OP-Mantenimiento-Colonia-San-Miguel-14-scaled-1.jpg?resize=800%2C445&#038;ssl=1\" alt=\"\" width=\"800\" height=\"445\" srcset=\"https:\/\/i0.wp.com\/cdnoticias.com\/wp-content\/uploads\/2025\/01\/OP-Mantenimiento-Colonia-San-Miguel-14-scaled-1.jpg?w=1000&amp;ssl=1 1000w, https:\/\/i0.wp.com\/cdnoticias.com\/wp-content\/uploads\/2025\/01\/OP-Mantenimiento-Colonia-San-Miguel-14-scaled-1.jpg?resize=300%2C167&amp;ssl=1 300w, https:\/\/i0.wp.com\/cdnoticias.com\/wp-content\/uploads\/2025\/01\/OP-Mantenimiento-Colonia-San-Miguel-14-scaled-1.jpg?resize=768%2C427&amp;ssl=1 768w, https:\/\/i0.wp.com\/cdnoticias.com\/wp-content\/uploads\/2025\/01\/OP-Mantenimiento-Colonia-San-Miguel-14-scaled-1.jpg?resize=800%2C445&amp;ssl=1 800w\" sizes=\"auto, (max-width: 800px) 100vw, 800px\" \/><\/p>\n","protected":false},"excerpt":{"rendered":"<p>Se trat\u00f3 de una intervenci\u00f3n de distintas \u00e1reas dependientes de la Secretar\u00eda de Obras P\u00fablicas, con especial \u00e9nfasis en el<\/p>\n","protected":false},"author":4,"featured_media":143891,"comment_status":"closed","ping_status":"closed","sticky":false,"template":"","format":"standard","meta":{"_jetpack_memberships_contains_paid_content":false,"footnotes":""},"categories":[5],"tags":[],"class_list":["post-143888","post","type-post","status-publish","format-standard","has-post-thumbnail","hentry","category-informacion-general"],"jetpack_featured_media_url":"https:\/\/i0.wp.com\/cdnoticias.com\/wp-content\/uploads\/2025\/01\/OP-Mantenimiento-Colonia-San-Miguel-4-scaled-1.jpg?fit=1000%2C556&ssl=1","jetpack_sharing_enabled":true,"_links":{"self":[{"href":"https:\/\/cdnoticias.com\/index.php\/wp-json\/wp\/v2\/posts\/143888","targetHints":{"allow":["GET"]}}],"collection":[{"href":"https:\/\/cdnoticias.com\/index.php\/wp-json\/wp\/v2\/posts"}],"about":[{"href":"https:\/\/cdnoticias.com\/index.php\/wp-json\/wp\/v2\/types\/post"}],"author":[{"embeddable":true,"href":"https:\/\/cdnoticias.com\/index.php\/wp-json\/wp\/v2\/users\/4"}],"replies":[{"embeddable":true,"href":"https:\/\/cdnoticias.com\/index.php\/wp-json\/wp\/v2\/comments?post=143888"}],"version-history":[{"count":0,"href":"https:\/\/cdnoticias.com\/index.php\/wp-json\/wp\/v2\/posts\/143888\/revisions"}],"wp:featuredmedia":[{"embeddable":true,"href":"https:\/\/cdnoticias.com\/index.php\/wp-json\/wp\/v2\/media\/143891"}],"wp:attachment":[{"href":"https:\/\/cdnoticias.com\/index.php\/wp-json\/wp\/v2\/media?parent=143888"}],"wp:term":[{"taxonomy":"category","embeddable":true,"href":"https:\/\/cdnoticias.com\/index.php\/wp-json\/wp\/v2\/categories?post=143888"},{"taxonomy":"post_tag","embeddable":true,"href":"https:\/\/cdnoticias.com\/index.php\/wp-json\/wp\/v2\/tags?post=143888"}],"curies":[{"name":"wp","href":"https:\/\/api.w.org\/{rel}","templated":true}]}}