{"id":143879,"date":"2025-02-03T17:03:47","date_gmt":"2025-02-03T20:03:47","guid":{"rendered":"https:\/\/cdnoticias.com\/?p=143879"},"modified":"2025-02-03T19:17:26","modified_gmt":"2025-02-03T22:17:26","slug":"el-miercoles-se-llevara-a-cabo-una-nueva-edicion-de-mercados-bonaerenses","status":"publish","type":"post","link":"https:\/\/cdnoticias.com\/index.php\/2025\/02\/03\/el-miercoles-se-llevara-a-cabo-una-nueva-edicion-de-mercados-bonaerenses\/","title":{"rendered":"El mi\u00e9rcoles se llevar\u00e1 a cabo una nueva edici\u00f3n de \u201cMercados Bonaerenses\u201d"},"content":{"rendered":"<p>Desde la ma\u00f1ana y hasta el mediod\u00eda en el Parque Helios Eseverri. Adem\u00e1s de productores locales, se contar\u00e1 con la participaci\u00f3n de camiones del Ministerio de Desarrollo Agrario bonaerense.<!--more--><\/p>\n<hr \/>\n<p>Desde la<strong> Secretar\u00eda de Desarrollo Econ\u00f3mico y Productivo del Municipio de Olavarr\u00eda<\/strong>, a trav\u00e9s de la Coordinaci\u00f3n de Econom\u00eda Popular, se recuerda que <strong>el pr\u00f3ximo mi\u00e9rcoles 5 de febrero<\/strong> se llevar\u00e1 a cabo una <strong>nueva edici\u00f3n del programa \u201cMercados Bonaerenses\u201d<\/strong>, por lo que se invita a toda la comunidad a ser parte de la propuesta.<\/p>\n<p>En esta ocasi\u00f3n la actividad se desarrollar\u00e1 en el <strong>parque Helios Eseverri<\/strong>, en el sector de <strong>avenida De los Trabajadores y Alsina<\/strong>, en el horario <strong>de 8:30 a 13:30 horas<\/strong>.<\/p>\n<blockquote><p>La feria contar\u00e1 con la participaci\u00f3n de productores locales, entre los cuales se podr\u00e1n encontrar elaboraciones tales como panificados dulces y salados, bebidas, plantas y plantines, miel, productos sin TAC, frutas y verduras, alfajores.\u00a0Adem\u00e1s, participar\u00e1n de la feria dos camiones del Ministerio de Desarrollo Agrario bonaerense, que dispondr\u00e1n productos l\u00e1cteos, pastas y pescados. Estos \u00faltimos dos rubros poseen un 40% de descuento con Cuenta DNI (tope de reintegro $4000).<\/p><\/blockquote>\n<p>El Programa \u201cMercados Bonaerenses\u201d es impulsado desde el <em>Ministerio de Desarrollo Agrario de la Provincia de Buenos Aires<\/em>, con el objetivo de <em>promocionar la producci\u00f3n y el consumo de Alimentos Bonaerenses, acercando a productores, productoras, consumidores y consumidoras a trav\u00e9s de una red de ferias y mercados<\/em> en toda la provincia de Buenos Aires.<\/p>\n<p>A la par, tiene como meta <em>fortalecer y asistir experiencias de producci\u00f3n, comercializaci\u00f3n y abastecimiento local de agroalimentos<\/em>, que se desarrollen en el \u00e1mbito de la provincia de Buenos Aires; <em>fomentar la producci\u00f3n y el consumo de \u201cAlimentos Bonaerenses\u201d<\/em> a trav\u00e9s de la <em>asistencia, formalizaci\u00f3n y capacitaci\u00f3n a productores, comercializadores y municipios, para crear, ampliar y fortalecer mercados y ferias de alimentos fijas o itinerantes<\/em>.<\/p>\n<p>Por \u00faltimo, se solicita a la comunidad <strong>acercarse con bolsa.<\/strong><\/p>\n","protected":false},"excerpt":{"rendered":"<p>Desde la ma\u00f1ana y hasta el mediod\u00eda en el Parque Helios Eseverri. Adem\u00e1s de productores locales, se contar\u00e1 con la<\/p>\n","protected":false},"author":4,"featured_media":134870,"comment_status":"closed","ping_status":"closed","sticky":false,"template":"","format":"standard","meta":{"_jetpack_memberships_contains_paid_content":false,"footnotes":""},"categories":[5,1],"tags":[],"class_list":["post-143879","post","type-post","status-publish","format-standard","has-post-thumbnail","hentry","category-informacion-general","category-portada"],"jetpack_featured_media_url":"https:\/\/i0.wp.com\/cdnoticias.com\/wp-content\/uploads\/2025\/01\/mercados-bonaerenses-enero-2025-5.jpg?fit=1072%2C596&ssl=1","jetpack_sharing_enabled":true,"_links":{"self":[{"href":"https:\/\/cdnoticias.com\/index.php\/wp-json\/wp\/v2\/posts\/143879","targetHints":{"allow":["GET"]}}],"collection":[{"href":"https:\/\/cdnoticias.com\/index.php\/wp-json\/wp\/v2\/posts"}],"about":[{"href":"https:\/\/cdnoticias.com\/index.php\/wp-json\/wp\/v2\/types\/post"}],"author":[{"embeddable":true,"href":"https:\/\/cdnoticias.com\/index.php\/wp-json\/wp\/v2\/users\/4"}],"replies":[{"embeddable":true,"href":"https:\/\/cdnoticias.com\/index.php\/wp-json\/wp\/v2\/comments?post=143879"}],"version-history":[{"count":0,"href":"https:\/\/cdnoticias.com\/index.php\/wp-json\/wp\/v2\/posts\/143879\/revisions"}],"wp:featuredmedia":[{"embeddable":true,"href":"https:\/\/cdnoticias.com\/index.php\/wp-json\/wp\/v2\/media\/134870"}],"wp:attachment":[{"href":"https:\/\/cdnoticias.com\/index.php\/wp-json\/wp\/v2\/media?parent=143879"}],"wp:term":[{"taxonomy":"category","embeddable":true,"href":"https:\/\/cdnoticias.com\/index.php\/wp-json\/wp\/v2\/categories?post=143879"},{"taxonomy":"post_tag","embeddable":true,"href":"https:\/\/cdnoticias.com\/index.php\/wp-json\/wp\/v2\/tags?post=143879"}],"curies":[{"name":"wp","href":"https:\/\/api.w.org\/{rel}","templated":true}]}}