{"id":143811,"date":"2025-01-29T08:02:19","date_gmt":"2025-01-29T11:02:19","guid":{"rendered":"https:\/\/cdnoticias.com\/?p=143811"},"modified":"2025-01-29T11:47:22","modified_gmt":"2025-01-29T14:47:22","slug":"fue-identificado-el-joven-fallecido-en-el-arroyo","status":"publish","type":"post","link":"https:\/\/cdnoticias.com\/index.php\/2025\/01\/29\/fue-identificado-el-joven-fallecido-en-el-arroyo\/","title":{"rendered":"Fue identificado el joven fallecido en el arroyo"},"content":{"rendered":"<p>Tiene 18 a\u00f1os y lo identific\u00f3 un familiar. Las actuaciones penales se caratularon \u201caveriguaci\u00f3n de causales de muerte\u201d.<!--more--><\/p>\n<hr \/>\n<p><a href=\"https:\/\/cdnoticias.com\/index.php\/2025\/01\/28\/un-joven-se-ahogo-en-el-arroyo-tapalque-y-fallecio\/\" target=\"_blank\" rel=\"noopener\">Tal como se inform\u00f3<\/a>, este martes<strong> falleci\u00f3 un joven ahogado en el arroyo Tapalqu\u00e9<\/strong> a la altura de calle 10.<\/p>\n<blockquote><p>Cerca de la medianoche se dio a conocer desde la Jefatura Departamental de Polic\u00eda que hab\u00eda sido identificado: se trata de Mart\u00edn Esteban Caballeri de 18 a\u00f1os.<\/p><\/blockquote>\n<p>Seg\u00fan se detall\u00f3, <strong>un familiar se present\u00f3 para efectuar el reconocimiento<\/strong> y brind\u00f3 su declaraci\u00f3n testimonial.<\/p>\n<p>Las actuaciones penales se caratularon<strong> \u201caveriguaci\u00f3n de causales de muerte\u201d<\/strong> con intervenci\u00f3n de la UFI N\u00ba 4 local.<\/p>\n","protected":false},"excerpt":{"rendered":"<p>Tiene 18 a\u00f1os y lo identific\u00f3 un familiar. Las actuaciones penales se caratularon \u201caveriguaci\u00f3n de causales de muerte\u201d.<\/p>\n","protected":false},"author":4,"featured_media":4435,"comment_status":"closed","ping_status":"closed","sticky":false,"template":"","format":"standard","meta":{"_jetpack_memberships_contains_paid_content":false,"footnotes":""},"categories":[14,1],"tags":[],"class_list":["post-143811","post","type-post","status-publish","format-standard","has-post-thumbnail","hentry","category-policiales","category-portada"],"jetpack_featured_media_url":"https:\/\/i0.wp.com\/cdnoticias.com\/wp-content\/uploads\/2020\/10\/departamental-comandopatrullas1.jpg?fit=1152%2C648&ssl=1","jetpack_sharing_enabled":true,"_links":{"self":[{"href":"https:\/\/cdnoticias.com\/index.php\/wp-json\/wp\/v2\/posts\/143811","targetHints":{"allow":["GET"]}}],"collection":[{"href":"https:\/\/cdnoticias.com\/index.php\/wp-json\/wp\/v2\/posts"}],"about":[{"href":"https:\/\/cdnoticias.com\/index.php\/wp-json\/wp\/v2\/types\/post"}],"author":[{"embeddable":true,"href":"https:\/\/cdnoticias.com\/index.php\/wp-json\/wp\/v2\/users\/4"}],"replies":[{"embeddable":true,"href":"https:\/\/cdnoticias.com\/index.php\/wp-json\/wp\/v2\/comments?post=143811"}],"version-history":[{"count":0,"href":"https:\/\/cdnoticias.com\/index.php\/wp-json\/wp\/v2\/posts\/143811\/revisions"}],"wp:featuredmedia":[{"embeddable":true,"href":"https:\/\/cdnoticias.com\/index.php\/wp-json\/wp\/v2\/media\/4435"}],"wp:attachment":[{"href":"https:\/\/cdnoticias.com\/index.php\/wp-json\/wp\/v2\/media?parent=143811"}],"wp:term":[{"taxonomy":"category","embeddable":true,"href":"https:\/\/cdnoticias.com\/index.php\/wp-json\/wp\/v2\/categories?post=143811"},{"taxonomy":"post_tag","embeddable":true,"href":"https:\/\/cdnoticias.com\/index.php\/wp-json\/wp\/v2\/tags?post=143811"}],"curies":[{"name":"wp","href":"https:\/\/api.w.org\/{rel}","templated":true}]}}