{"id":14373,"date":"2021-02-21T16:23:04","date_gmt":"2021-02-21T19:23:04","guid":{"rendered":"http:\/\/www.centraldenoticias.com.ar\/?p=14373"},"modified":"2021-02-21T18:22:02","modified_gmt":"2021-02-21T21:22:02","slug":"una-mujer-en-grave-estado-tras-un-accidente-en-ruta-226","status":"publish","type":"post","link":"https:\/\/cdnoticias.com\/index.php\/2021\/02\/21\/una-mujer-en-grave-estado-tras-un-accidente-en-ruta-226\/","title":{"rendered":"Una mujer en grave estado tras un accidente en ruta 226"},"content":{"rendered":"<p>Fue en la autov\u00eda de ingreso, a la altura del kil\u00f3metro 292. La v\u00edctima, que iba a bordo de una motocicleta, fue trasladada de urgencia al Hospital Municipal donde es atendida.<!--more--><\/p>\n<hr \/>\n<p>Este domingo por la tarde, <strong>un grave accidente en la autov\u00eda de ruta 226 dej\u00f3 como saldo a una mujer en grave estado tras un accidente entre una moto y un cami\u00f3n jaula.<\/strong><\/p>\n<p>&nbsp;<\/p>\n<p>Seg\u00fan precisaron a Central de Noticias, <strong>el hecho se produjo en el kil\u00f3metro 292 de la autov\u00eda de ingreso<\/strong>, a la altura de la concesionaria Hauswagen.<\/p>\n<p>&nbsp;<\/p>\n<p>Las causas del siniestro todav\u00eda son materia de investigaci\u00f3n. Lo concreto es que <strong>en el choque participaron un cami\u00f3n jaula marca Ford y una motocicleta Motomel Custom de mediana cilindrada.<\/strong><\/p>\n<p>&nbsp;<\/p>\n<blockquote><p>Por la fuerza del impacto, una mujer -que se trasladaba en la moto- result\u00f3 con heridas de gravedad y fue trasladada, de suma urgencia, al Hospital Municipal.<\/p><\/blockquote>\n<p>&nbsp;<\/p>\n<p>La urgencia fue tal, que m\u00f3viles del Comando de Patrullas y Control Urbano realizaron un <strong>operativo de liberaci\u00f3n de calles y avenidas<\/strong> para que la ambulancia llegue m\u00e1s r\u00e1pido al centro de salud local.<\/p>\n<p>&nbsp;<\/p>\n<p><strong>En el lugar se pidi\u00f3 circular con precauci\u00f3n mientras la polic\u00eda ordena el tr\u00e1nsito<\/strong>. Tambi\u00e9n realizar\u00e1n tareas de peritaje personal de Polic\u00eda Cient\u00edfica.<\/p>\n","protected":false},"excerpt":{"rendered":"<p>Fue en la autov\u00eda de ingreso, a la altura del kil\u00f3metro 292. La v\u00edctima, que iba a bordo de una<\/p>\n","protected":false},"author":2,"featured_media":14374,"comment_status":"closed","ping_status":"closed","sticky":false,"template":"","format":"standard","meta":{"_jetpack_memberships_contains_paid_content":false,"footnotes":""},"categories":[14,1],"tags":[],"class_list":["post-14373","post","type-post","status-publish","format-standard","has-post-thumbnail","hentry","category-policiales","category-portada"],"jetpack_featured_media_url":"https:\/\/i0.wp.com\/cdnoticias.com\/wp-content\/uploads\/2021\/02\/accidente-autovia-226.jpg?fit=1148%2C696&ssl=1","jetpack_sharing_enabled":true,"_links":{"self":[{"href":"https:\/\/cdnoticias.com\/index.php\/wp-json\/wp\/v2\/posts\/14373","targetHints":{"allow":["GET"]}}],"collection":[{"href":"https:\/\/cdnoticias.com\/index.php\/wp-json\/wp\/v2\/posts"}],"about":[{"href":"https:\/\/cdnoticias.com\/index.php\/wp-json\/wp\/v2\/types\/post"}],"author":[{"embeddable":true,"href":"https:\/\/cdnoticias.com\/index.php\/wp-json\/wp\/v2\/users\/2"}],"replies":[{"embeddable":true,"href":"https:\/\/cdnoticias.com\/index.php\/wp-json\/wp\/v2\/comments?post=14373"}],"version-history":[{"count":0,"href":"https:\/\/cdnoticias.com\/index.php\/wp-json\/wp\/v2\/posts\/14373\/revisions"}],"wp:featuredmedia":[{"embeddable":true,"href":"https:\/\/cdnoticias.com\/index.php\/wp-json\/wp\/v2\/media\/14374"}],"wp:attachment":[{"href":"https:\/\/cdnoticias.com\/index.php\/wp-json\/wp\/v2\/media?parent=14373"}],"wp:term":[{"taxonomy":"category","embeddable":true,"href":"https:\/\/cdnoticias.com\/index.php\/wp-json\/wp\/v2\/categories?post=14373"},{"taxonomy":"post_tag","embeddable":true,"href":"https:\/\/cdnoticias.com\/index.php\/wp-json\/wp\/v2\/tags?post=14373"}],"curies":[{"name":"wp","href":"https:\/\/api.w.org\/{rel}","templated":true}]}}