{"id":14366,"date":"2021-02-21T13:45:10","date_gmt":"2021-02-21T16:45:10","guid":{"rendered":"http:\/\/www.centraldenoticias.com.ar\/?p=14366"},"modified":"2021-02-21T16:25:21","modified_gmt":"2021-02-21T19:25:21","slug":"llegaron-a-olavarria-500-primeras-dosis-de-la-vacuna-india-covishield","status":"publish","type":"post","link":"https:\/\/cdnoticias.com\/index.php\/2021\/02\/21\/llegaron-a-olavarria-500-primeras-dosis-de-la-vacuna-india-covishield\/","title":{"rendered":"Llegaron a Olavarr\u00eda 500 primeras dosis de la vacuna india Covishield"},"content":{"rendered":"<p>El arribo de nuevas vacunas permitir\u00e1 continuar con el plan de vacunaci\u00f3n destinado a adultos mayores de 70 a\u00f1os.<!--more--><\/p>\n<hr \/>\n<p>Las primeras dosis de la <strong>vacuna elaborada en India y desarrollada por Oxford y AstraZeneca<\/strong> arribaron a distintos municipios de la Regi\u00f3n Sanitaria IX.<\/p>\n<p>&nbsp;<\/p>\n<p><strong>En Olavarr\u00eda se recibieron 500 primeras dosis<\/strong> que fueron almacenadas en la Escuela de Educaci\u00f3n Secundaria N\u00b01 \u201cJorge Luis Borges\u201d y <strong>estar\u00e1n destinadas a la vacunaci\u00f3n de adultos mayores de 70 a\u00f1os.<\/strong><\/p>\n<p>&nbsp;<\/p>\n<p>Adem\u00e1s, las autoridades sanitarias informaron que <strong>durante la jornada del s\u00e1bado fueron vacunadas 124 personas<\/strong> en la Secundaria N\u00b01. La vacunaci\u00f3n es esta sede contin\u00faa este domingo de 8 a 20, \u00fanicamente con turno previo.<\/p>\n<p>&nbsp;<\/p>\n<p><img data-recalc-dims=\"1\" loading=\"lazy\" decoding=\"async\" class=\"alignnone size-full wp-image-14369\" src=\"https:\/\/i0.wp.com\/cdnoticias.com\/wp-content\/uploads\/2021\/02\/WhatsApp-Image-2021-02-21-at-13.09.17.jpeg?resize=800%2C600&#038;ssl=1\" alt=\"\" width=\"800\" height=\"600\" srcset=\"https:\/\/i0.wp.com\/cdnoticias.com\/wp-content\/uploads\/2021\/02\/WhatsApp-Image-2021-02-21-at-13.09.17.jpeg?w=1280&amp;ssl=1 1280w, https:\/\/i0.wp.com\/cdnoticias.com\/wp-content\/uploads\/2021\/02\/WhatsApp-Image-2021-02-21-at-13.09.17.jpeg?resize=300%2C225&amp;ssl=1 300w, https:\/\/i0.wp.com\/cdnoticias.com\/wp-content\/uploads\/2021\/02\/WhatsApp-Image-2021-02-21-at-13.09.17.jpeg?resize=768%2C576&amp;ssl=1 768w, https:\/\/i0.wp.com\/cdnoticias.com\/wp-content\/uploads\/2021\/02\/WhatsApp-Image-2021-02-21-at-13.09.17.jpeg?resize=1024%2C768&amp;ssl=1 1024w\" sizes=\"auto, (max-width: 800px) 100vw, 800px\" \/><\/p>\n<p>&nbsp;<\/p>\n<p>Por otra parte, se record\u00f3 que se puede reservar turno ingresando al sitio web del <a href=\"https:\/\/vacunatepba.gba.gob.ar\/\" target=\"_blank\" rel=\"noopener\">Plan provincial p\u00fablico, gratuito y optativo contra Covid-19.<\/a><\/p>\n<p>&nbsp;<\/p>\n<p>Sobre este punto,<a href=\"https:\/\/cdnoticias.com\/index.php\/2021\/02\/20\/borzi-estamos-siendo-muy-estrictos-en-vacunar-a-partir-de-turnos\/\" target=\"_blank\" rel=\"noopener\"> el director de la Regi\u00f3n Sanitaria IX Ramiro Borzi<\/a>, asegur\u00f3 a Central de Noticias que <strong><em>\u201cestamos siendo muy estrictos con vacunar a partir de turnos porque entendemos la ansiedad de la gente por querer vacunarse\u201d<\/em> <\/strong>y explic\u00f3 que <em>\u201chicimos un comunicado porque estaba circulando por WhatsApp que se pod\u00eda ir a vacunar de forma espont\u00e1nea y esto no es as\u00ed\u201d.<\/em><\/p>\n","protected":false},"excerpt":{"rendered":"<p>El arribo de nuevas vacunas permitir\u00e1 continuar con el plan de vacunaci\u00f3n destinado a adultos mayores de 70 a\u00f1os.<\/p>\n","protected":false},"author":5,"featured_media":14370,"comment_status":"closed","ping_status":"closed","sticky":false,"template":"","format":"standard","meta":{"_jetpack_memberships_contains_paid_content":false,"footnotes":""},"categories":[5,1],"tags":[],"class_list":["post-14366","post","type-post","status-publish","format-standard","has-post-thumbnail","hentry","category-informacion-general","category-portada"],"jetpack_featured_media_url":"https:\/\/i0.wp.com\/cdnoticias.com\/wp-content\/uploads\/2021\/02\/WhatsApp-Image-2021-02-21-at-13.09.16.jpeg?fit=1280%2C960&ssl=1","jetpack_sharing_enabled":true,"_links":{"self":[{"href":"https:\/\/cdnoticias.com\/index.php\/wp-json\/wp\/v2\/posts\/14366","targetHints":{"allow":["GET"]}}],"collection":[{"href":"https:\/\/cdnoticias.com\/index.php\/wp-json\/wp\/v2\/posts"}],"about":[{"href":"https:\/\/cdnoticias.com\/index.php\/wp-json\/wp\/v2\/types\/post"}],"author":[{"embeddable":true,"href":"https:\/\/cdnoticias.com\/index.php\/wp-json\/wp\/v2\/users\/5"}],"replies":[{"embeddable":true,"href":"https:\/\/cdnoticias.com\/index.php\/wp-json\/wp\/v2\/comments?post=14366"}],"version-history":[{"count":0,"href":"https:\/\/cdnoticias.com\/index.php\/wp-json\/wp\/v2\/posts\/14366\/revisions"}],"wp:featuredmedia":[{"embeddable":true,"href":"https:\/\/cdnoticias.com\/index.php\/wp-json\/wp\/v2\/media\/14370"}],"wp:attachment":[{"href":"https:\/\/cdnoticias.com\/index.php\/wp-json\/wp\/v2\/media?parent=14366"}],"wp:term":[{"taxonomy":"category","embeddable":true,"href":"https:\/\/cdnoticias.com\/index.php\/wp-json\/wp\/v2\/categories?post=14366"},{"taxonomy":"post_tag","embeddable":true,"href":"https:\/\/cdnoticias.com\/index.php\/wp-json\/wp\/v2\/tags?post=14366"}],"curies":[{"name":"wp","href":"https:\/\/api.w.org\/{rel}","templated":true}]}}