{"id":14364,"date":"2021-02-21T12:56:36","date_gmt":"2021-02-21T15:56:36","guid":{"rendered":"http:\/\/www.centraldenoticias.com.ar\/?p=14364"},"modified":"2021-02-21T12:56:36","modified_gmt":"2021-02-21T15:56:36","slug":"benitez-el-exito-tiene-que-ver-con-tener-al-otro-cerca","status":"publish","type":"post","link":"https:\/\/cdnoticias.com\/index.php\/2021\/02\/21\/benitez-el-exito-tiene-que-ver-con-tener-al-otro-cerca\/","title":{"rendered":"Ben\u00edtez: \u201cEl \u00e9xito tiene que ver con tener al otro cerca\u201d \u00a0"},"content":{"rendered":"<p>El jefe distrital de Educaci\u00f3n particip\u00f3 de \u201cEl Estado Cerca Tuyo\u201d. Destac\u00f3 la din\u00e1mica de las consultas y la posibilidad de una atenci\u00f3n \u201ccara a cara\u201d.<!--more--><\/p>\n<hr \/>\n<p>En di\u00e1logo con <em>Central de Noticias<\/em> Julio Ben\u00edtez, jefe distrital de Educaci\u00f3n de Olavarr\u00eda, habl\u00f3 sobre la participaci\u00f3n desde el \u00e1rea de educaci\u00f3n en la jornada<a href=\"https:\/\/cdnoticias.com\/index.php\/2021\/02\/20\/queremos-estar-cerca-de-los-vecinos-organismos-recibieron-numerosas-consultas\/\" target=\"_blank\" rel=\"noopener\"> \u201cEl Estado Cerca Tuyo\u201d que se desarroll\u00f3 el s\u00e1bado<\/a> en Olavarr\u00eda.<\/p>\n<p>&nbsp;<\/p>\n<p>Se refiri\u00f3 a la principal caracter\u00edstica de la iniciativa que<strong><em> \u201cconstituye un modo de acercar el Estado al barrio\u201d<\/em><\/strong>, y destac\u00f3 la respuesta de la gente en <em>\u201ceste primer barrio que visitamos. Vamos a seguir haciendo recorridas por distintos lugares de la ciudad\u201d.<\/em><\/p>\n<blockquote><p>&nbsp;<\/p>\n<p>\u201cSin dudas el \u00e9xito tiene que ver con el tener al otro o a la otra cerca que te pueda responder, que ves que se toma su tiempo, que por ah\u00ed hasta conoc\u00e9s a la persona que te atiende\u201d, afirm\u00f3.<\/p><\/blockquote>\n<p>&nbsp;<\/p>\n<p><img data-recalc-dims=\"1\" loading=\"lazy\" decoding=\"async\" class=\"alignnone size-full wp-image-14295\" src=\"https:\/\/i0.wp.com\/cdnoticias.com\/wp-content\/uploads\/2021\/02\/estado-cerca-tuyo4.jpg?resize=800%2C533&#038;ssl=1\" alt=\"\" width=\"800\" height=\"533\" srcset=\"https:\/\/i0.wp.com\/cdnoticias.com\/wp-content\/uploads\/2021\/02\/estado-cerca-tuyo4.jpg?w=4608&amp;ssl=1 4608w, https:\/\/i0.wp.com\/cdnoticias.com\/wp-content\/uploads\/2021\/02\/estado-cerca-tuyo4.jpg?resize=300%2C200&amp;ssl=1 300w, https:\/\/i0.wp.com\/cdnoticias.com\/wp-content\/uploads\/2021\/02\/estado-cerca-tuyo4.jpg?resize=768%2C512&amp;ssl=1 768w, https:\/\/i0.wp.com\/cdnoticias.com\/wp-content\/uploads\/2021\/02\/estado-cerca-tuyo4.jpg?resize=1024%2C683&amp;ssl=1 1024w, https:\/\/i0.wp.com\/cdnoticias.com\/wp-content\/uploads\/2021\/02\/estado-cerca-tuyo4.jpg?resize=272%2C182&amp;ssl=1 272w, https:\/\/i0.wp.com\/cdnoticias.com\/wp-content\/uploads\/2021\/02\/estado-cerca-tuyo4.jpg?w=1600&amp;ssl=1 1600w, https:\/\/i0.wp.com\/cdnoticias.com\/wp-content\/uploads\/2021\/02\/estado-cerca-tuyo4.jpg?w=2400&amp;ssl=1 2400w\" sizes=\"auto, (max-width: 800px) 100vw, 800px\" \/><\/p>\n<p>&nbsp;<\/p>\n<p>Respecto a las consultas vinculadas a educaci\u00f3n, inform\u00f3 que<em> \u201ctuvimos muchas<strong> consultas sobre Plan Fines<\/strong>, pero tambi\u00e9n recibimos preguntas sobre<strong> jubilaci\u00f3n, vacunaci\u00f3n de los docentes, p\u00e9rdida de t\u00edtulos, carreras<\/strong>\u201d.<\/em><\/p>\n<p>&nbsp;<\/p>\n<p>Resalt\u00f3 tambi\u00e9n como positivo el v\u00ednculo con otros organismos a partir de una consulta puntual: <em>\u201cesta posibilidad de circular entre los organismos es muy beneficiosa\u201d<\/em>, concluy\u00f3.<\/p>\n","protected":false},"excerpt":{"rendered":"<p>El jefe distrital de Educaci\u00f3n particip\u00f3 de \u201cEl Estado Cerca Tuyo\u201d. Destac\u00f3 la din\u00e1mica de las consultas y la posibilidad<\/p>\n","protected":false},"author":5,"featured_media":14306,"comment_status":"closed","ping_status":"closed","sticky":false,"template":"","format":"standard","meta":{"_jetpack_memberships_contains_paid_content":false,"footnotes":""},"categories":[5,1],"tags":[],"class_list":["post-14364","post","type-post","status-publish","format-standard","has-post-thumbnail","hentry","category-informacion-general","category-portada"],"jetpack_featured_media_url":"https:\/\/i0.wp.com\/cdnoticias.com\/wp-content\/uploads\/2021\/02\/julio-benitez2.jpg?fit=4608%2C3072&ssl=1","jetpack_sharing_enabled":true,"_links":{"self":[{"href":"https:\/\/cdnoticias.com\/index.php\/wp-json\/wp\/v2\/posts\/14364","targetHints":{"allow":["GET"]}}],"collection":[{"href":"https:\/\/cdnoticias.com\/index.php\/wp-json\/wp\/v2\/posts"}],"about":[{"href":"https:\/\/cdnoticias.com\/index.php\/wp-json\/wp\/v2\/types\/post"}],"author":[{"embeddable":true,"href":"https:\/\/cdnoticias.com\/index.php\/wp-json\/wp\/v2\/users\/5"}],"replies":[{"embeddable":true,"href":"https:\/\/cdnoticias.com\/index.php\/wp-json\/wp\/v2\/comments?post=14364"}],"version-history":[{"count":0,"href":"https:\/\/cdnoticias.com\/index.php\/wp-json\/wp\/v2\/posts\/14364\/revisions"}],"wp:featuredmedia":[{"embeddable":true,"href":"https:\/\/cdnoticias.com\/index.php\/wp-json\/wp\/v2\/media\/14306"}],"wp:attachment":[{"href":"https:\/\/cdnoticias.com\/index.php\/wp-json\/wp\/v2\/media?parent=14364"}],"wp:term":[{"taxonomy":"category","embeddable":true,"href":"https:\/\/cdnoticias.com\/index.php\/wp-json\/wp\/v2\/categories?post=14364"},{"taxonomy":"post_tag","embeddable":true,"href":"https:\/\/cdnoticias.com\/index.php\/wp-json\/wp\/v2\/tags?post=14364"}],"curies":[{"name":"wp","href":"https:\/\/api.w.org\/{rel}","templated":true}]}}