{"id":143201,"date":"2025-01-28T20:57:23","date_gmt":"2025-01-28T23:57:23","guid":{"rendered":"https:\/\/cdnoticias.com\/?p=143201"},"modified":"2025-01-29T08:25:16","modified_gmt":"2025-01-29T11:25:16","slug":"diez-trabajadores-despedidos-en-canteras-piatti","status":"publish","type":"post","link":"https:\/\/cdnoticias.com\/index.php\/2025\/01\/28\/diez-trabajadores-despedidos-en-canteras-piatti\/","title":{"rendered":"Diez trabajadores despedidos en Canteras Piatti"},"content":{"rendered":"<p>La medida se comunic\u00f3 este martes a los trabajadores. AOMA inici\u00f3 medidas de fuerza e hizo una presentaci\u00f3n en el Ministerio de Trabajo.<!--more--><\/p>\n<hr \/>\n<p>Este martes se inform\u00f3 <strong>una decena de despidos en la empresa Canteras Piatti<\/strong> ubicada en la zona de Cerro Sotuyo.<\/p>\n<p>Seg\u00fan se dio a conocer desde el <strong>sindicato AOMA,<\/strong> <strong>uno de los propietarios de la empresa se present\u00f3 en la sede junto<\/strong> a un escribano para <strong>dar a conocer la decisi\u00f3n<\/strong> en enmarcada en la<strong> fuerte ca\u00edda de la actividad.<\/strong><\/p>\n<blockquote><p>Inmediatamente se declar\u00f3 el estado de asamblea desde la entidad gremial a fin de iniciar di\u00e1logo con representantes de la firma para revertir la decisi\u00f3n. En paralelo se avanz\u00f3 con una presentaci\u00f3n en el Ministerio de Trabajo.<\/p><\/blockquote>\n<p>La situaci\u00f3n se plante\u00f3 como una<strong> continuidad del panorama que se vivi\u00f3 en 2024 con la reducci\u00f3n de la producci\u00f3n<\/strong> y el resultado de <strong>unos 200 despidos<\/strong>, tal como inform\u00f3 el <strong>secretario general de AOMA Olavarr\u00eda, Alejandro Santill\u00e1n<\/strong>. <a href=\"https:\/\/cdnoticias.com\/index.php\/2025\/01\/09\/alejandro-santillan-en-nuestra-querida-olavarria-se-han-perdido-se-estan-perdiendo-y-se-van-a-perder-muchos-puestos-de-trabajo\/\" target=\"_blank\" rel=\"noopener\">\u201cEn nuestra querida Olavarr\u00eda se han perdido, se est\u00e1n perdiendo y se van a perder muchos puestos de trabajo\u201d<\/a> dijo el dirigente en los primeros d\u00edas de enero.<\/p>\n<p>Interpret\u00f3 el contexto como \u201cuna crisis pol\u00edtica\u201d y <strong>centr\u00f3 su cr\u00edtica a la reducci\u00f3n de la obra p\u00fablica para explicar las suspensiones y despidos<\/strong> que se vieron en las empresas mineras. \u201cUn Gobierno con la intenci\u00f3n de que se llegue al d\u00e9ficit cero, de que se achiquen los gastos o que no haya inversiones del Estado repercute much\u00edsimo y principalmente en nuestra actividad. <strong>M\u00e1s del 70 por ciento de lo que produc\u00edamos dentro de las caleras, cementeras y canteras iba a la obra p\u00fablica\u201d<\/strong> hab\u00eda explicado Santill\u00e1n.<\/p>\n<p>Respecto de la situaci\u00f3n declarada este martes, <strong>AOMA manten\u00eda una reuni\u00f3n con la empresa en el Ministerio de Trabajo<\/strong>. El sindicato buscaba la <strong>declaraci\u00f3n de la conciliaci\u00f3n obligatoria.<\/strong><\/p>\n","protected":false},"excerpt":{"rendered":"<p>La medida se comunic\u00f3 este martes a los trabajadores. AOMA inici\u00f3 medidas de fuerza e hizo una presentaci\u00f3n en el<\/p>\n","protected":false},"author":4,"featured_media":143204,"comment_status":"closed","ping_status":"closed","sticky":false,"template":"","format":"standard","meta":{"_jetpack_memberships_contains_paid_content":false,"footnotes":""},"categories":[5,1],"tags":[],"class_list":["post-143201","post","type-post","status-publish","format-standard","has-post-thumbnail","hentry","category-informacion-general","category-portada"],"jetpack_featured_media_url":"https:\/\/i0.wp.com\/cdnoticias.com\/wp-content\/uploads\/2025\/01\/aoma-canteras-piatti-despidos.jpg?fit=800%2C445&ssl=1","jetpack_sharing_enabled":true,"_links":{"self":[{"href":"https:\/\/cdnoticias.com\/index.php\/wp-json\/wp\/v2\/posts\/143201","targetHints":{"allow":["GET"]}}],"collection":[{"href":"https:\/\/cdnoticias.com\/index.php\/wp-json\/wp\/v2\/posts"}],"about":[{"href":"https:\/\/cdnoticias.com\/index.php\/wp-json\/wp\/v2\/types\/post"}],"author":[{"embeddable":true,"href":"https:\/\/cdnoticias.com\/index.php\/wp-json\/wp\/v2\/users\/4"}],"replies":[{"embeddable":true,"href":"https:\/\/cdnoticias.com\/index.php\/wp-json\/wp\/v2\/comments?post=143201"}],"version-history":[{"count":0,"href":"https:\/\/cdnoticias.com\/index.php\/wp-json\/wp\/v2\/posts\/143201\/revisions"}],"wp:featuredmedia":[{"embeddable":true,"href":"https:\/\/cdnoticias.com\/index.php\/wp-json\/wp\/v2\/media\/143204"}],"wp:attachment":[{"href":"https:\/\/cdnoticias.com\/index.php\/wp-json\/wp\/v2\/media?parent=143201"}],"wp:term":[{"taxonomy":"category","embeddable":true,"href":"https:\/\/cdnoticias.com\/index.php\/wp-json\/wp\/v2\/categories?post=143201"},{"taxonomy":"post_tag","embeddable":true,"href":"https:\/\/cdnoticias.com\/index.php\/wp-json\/wp\/v2\/tags?post=143201"}],"curies":[{"name":"wp","href":"https:\/\/api.w.org\/{rel}","templated":true}]}}