{"id":14320,"date":"2021-02-20T19:20:57","date_gmt":"2021-02-20T22:20:57","guid":{"rendered":"http:\/\/www.centraldenoticias.com.ar\/?p=14320"},"modified":"2021-02-20T22:59:35","modified_gmt":"2021-02-21T01:59:35","slug":"carla-vizzotti-juro-como-ministra-de-salud-de-la-nacion","status":"publish","type":"post","link":"https:\/\/cdnoticias.com\/index.php\/2021\/02\/20\/carla-vizzotti-juro-como-ministra-de-salud-de-la-nacion\/","title":{"rendered":"Carla Vizzotti jur\u00f3 como Ministra de Salud de la Naci\u00f3n"},"content":{"rendered":"<p>Tras el esc\u00e1ndalo por el \u201cvacunatorio VIP\u201d la doctora jur\u00f3 ante el presidente Alberto Fern\u00e1ndez.<!--more--><\/p>\n<hr \/>\n<p>Tras el esc\u00e1ndalo y 24 horas despu\u00e9s del pedido de renuncia a Gin\u00e9s Gonz\u00e1lez Garc\u00eda,<strong> la doctora Carla Vizzotti jur\u00f3 como nueva Ministra de Salud de la Naci\u00f3n y asumi\u00f3 formalmente el cargo.<\/strong><\/p>\n<p>&nbsp;<\/p>\n<p>En el acto estuvieron presentes adem\u00e1s del Presidente, quien prest\u00f3 juramente, la primera dama, Fabiola Ya\u00f1ez; el jefe de Gabinete, Santiago Cafiero; la vicejefa, Cecilia Todesca, y los ministros de Educaci\u00f3n, Nicol\u00e1s Trotta; de Seguridad, Sabina Frederic; y de Turismo y Deportes, Mat\u00edas Lammens; entre otros funcionarios.<\/p>\n<p>&nbsp;<\/p>\n<blockquote><p>Tambi\u00e9n participaron del acto, en el que no hubo declaraciones, el presidente de la C\u00e1mara de Diputados, Sergio Massa; y la titular del PAMI, Luana Volnovich.<\/p><\/blockquote>\n<p>&nbsp;<\/p>\n<p><strong>Vizzotti \u2013quien tuvo mucha visibilidad durante la pandemia dado que estaba a cargo de emitir los partes m\u00e9dicos nacionales- tiene 47 a\u00f1os y se recibi\u00f3 de m\u00e9dica en la Universidad del Salvador.<\/strong> Se especializ\u00f3 en el control de enfermedades inmunoprevenibles e infecciosas, en medicina interna, y en sistemas y seguridad social.<\/p>\n<p>&nbsp;<\/p>\n<p>Tambi\u00e9n es fundadora y presidenta de la Sociedad Argentina de Vacunolog\u00eda y Epidemiolog\u00eda (SAVE).<\/p>\n","protected":false},"excerpt":{"rendered":"<p>Tras el esc\u00e1ndalo por el \u201cvacunatorio VIP\u201d la doctora jur\u00f3 ante el presidente Alberto Fern\u00e1ndez.<\/p>\n","protected":false},"author":2,"featured_media":14321,"comment_status":"closed","ping_status":"closed","sticky":false,"template":"","format":"standard","meta":{"_jetpack_memberships_contains_paid_content":false,"footnotes":""},"categories":[6,1],"tags":[],"class_list":["post-14320","post","type-post","status-publish","format-standard","has-post-thumbnail","hentry","category-nacionales","category-portada"],"jetpack_featured_media_url":"https:\/\/i0.wp.com\/cdnoticias.com\/wp-content\/uploads\/2021\/02\/603186beb72ca_1004x565.jpg?fit=1004%2C565&ssl=1","jetpack_sharing_enabled":true,"_links":{"self":[{"href":"https:\/\/cdnoticias.com\/index.php\/wp-json\/wp\/v2\/posts\/14320","targetHints":{"allow":["GET"]}}],"collection":[{"href":"https:\/\/cdnoticias.com\/index.php\/wp-json\/wp\/v2\/posts"}],"about":[{"href":"https:\/\/cdnoticias.com\/index.php\/wp-json\/wp\/v2\/types\/post"}],"author":[{"embeddable":true,"href":"https:\/\/cdnoticias.com\/index.php\/wp-json\/wp\/v2\/users\/2"}],"replies":[{"embeddable":true,"href":"https:\/\/cdnoticias.com\/index.php\/wp-json\/wp\/v2\/comments?post=14320"}],"version-history":[{"count":0,"href":"https:\/\/cdnoticias.com\/index.php\/wp-json\/wp\/v2\/posts\/14320\/revisions"}],"wp:featuredmedia":[{"embeddable":true,"href":"https:\/\/cdnoticias.com\/index.php\/wp-json\/wp\/v2\/media\/14321"}],"wp:attachment":[{"href":"https:\/\/cdnoticias.com\/index.php\/wp-json\/wp\/v2\/media?parent=14320"}],"wp:term":[{"taxonomy":"category","embeddable":true,"href":"https:\/\/cdnoticias.com\/index.php\/wp-json\/wp\/v2\/categories?post=14320"},{"taxonomy":"post_tag","embeddable":true,"href":"https:\/\/cdnoticias.com\/index.php\/wp-json\/wp\/v2\/tags?post=14320"}],"curies":[{"name":"wp","href":"https:\/\/api.w.org\/{rel}","templated":true}]}}