{"id":143188,"date":"2025-01-29T18:03:24","date_gmt":"2025-01-29T21:03:24","guid":{"rendered":"https:\/\/cdnoticias.com\/?p=143188"},"modified":"2025-01-29T18:03:28","modified_gmt":"2025-01-29T21:03:28","slug":"capacitacion-en-rcp-y-primeros-auxilios-para-ninos-y-ninas-de-las-escuelas-abiertas-de-verano","status":"publish","type":"post","link":"https:\/\/cdnoticias.com\/index.php\/2025\/01\/29\/capacitacion-en-rcp-y-primeros-auxilios-para-ninos-y-ninas-de-las-escuelas-abiertas-de-verano\/","title":{"rendered":"Capacitaci\u00f3n en RCP y primeros auxilios para ni\u00f1os y ni\u00f1as de las Escuelas Abiertas de Verano"},"content":{"rendered":"\n<p>Los talleres de RCP b\u00e1sica se adaptan a ni\u00f1os y ni\u00f1as y est\u00e1n a cargo de profesionales de APS.&nbsp;<\/p>\n\n\n\n<hr class=\"wp-block-separator aligncenter has-alpha-channel-opacity\"\/>\n\n\n\n<p>Con la finalidad de promover h\u00e1bitos saludables y generar concientizaci\u00f3n sobre acciones preventivas<strong>;<\/strong> el Municipio contin\u00faa trabajando en <strong>capacitaciones en Reanimaci\u00f3n Cardiopulmonar (RCP), primeros auxilios, vacunaci\u00f3n y promoci\u00f3n de h\u00e1bitos saludables en general.<\/strong><\/p>\n\n\n\n<p><\/p>\n\n\n\n<p>En este sentido, en conjunto entre las subsecretar\u00edas de Deportes y Atenci\u00f3n Primaria de la Salud, <strong>se capacita a ni\u00f1as y ni\u00f1os de cada una de las Escuelas Abiertas de Verano;<\/strong> el cual ofrece actividades recreativas, deportivas, art\u00edsticas, l\u00fadicas y acu\u00e1ticas.<\/p>\n\n\n\n<p><\/p>\n\n\n\n<p>Las capacitaciones no s\u00f3lo son en<strong> espacios municipales<\/strong> (espejos de agua en La M\u00e1xima, Blanca Grande, Espigas y el pilet\u00f3n de Colonia San Miguel, sino tambi\u00e9n de <strong>clubes de todo el Partido que se sumaron al Programa. <\/strong>Se trata de Loma Negra, San Mart\u00edn de Sierras Bayas, Hinojo, Sierra Chica, Recalde y Pueblo Nuevo.<\/p>\n\n\n\n<p><\/p>\n\n\n\n<blockquote class=\"wp-block-quote is-layout-flow wp-block-quote-is-layout-flow\">\n<p>Los talleres de RCP b\u00e1sica se adaptan a ni\u00f1os y ni\u00f1as, est\u00e1n a cargo de profesionales de APS, quienes de forma sencilla, a trav\u00e9s de actividades divertidas y canciones explican las t\u00e9cnicas b\u00e1sicas de asistencia y c\u00f3mo actuar o d\u00f3nde llamar frente a este tipo de emergencias.<\/p>\n<\/blockquote>\n\n\n\n<p><\/p>\n\n\n\n<figure class=\"wp-block-image aligncenter size-full\"><img data-recalc-dims=\"1\" loading=\"lazy\" decoding=\"async\" width=\"800\" height=\"444\" src=\"https:\/\/i0.wp.com\/cdnoticias.com\/wp-content\/uploads\/2025\/01\/rcp-ninos-ninas-capacitacion1.png?resize=800%2C444&#038;ssl=1\" alt=\"\" class=\"wp-image-143190\" srcset=\"https:\/\/i0.wp.com\/cdnoticias.com\/wp-content\/uploads\/2025\/01\/rcp-ninos-ninas-capacitacion1.png?w=887&amp;ssl=1 887w, https:\/\/i0.wp.com\/cdnoticias.com\/wp-content\/uploads\/2025\/01\/rcp-ninos-ninas-capacitacion1.png?resize=300%2C166&amp;ssl=1 300w, https:\/\/i0.wp.com\/cdnoticias.com\/wp-content\/uploads\/2025\/01\/rcp-ninos-ninas-capacitacion1.png?resize=768%2C426&amp;ssl=1 768w, https:\/\/i0.wp.com\/cdnoticias.com\/wp-content\/uploads\/2025\/01\/rcp-ninos-ninas-capacitacion1.png?resize=800%2C445&amp;ssl=1 800w\" sizes=\"auto, (max-width: 800px) 100vw, 800px\" \/><\/figure>\n\n\n\n<p><\/p>\n\n\n\n<p>Cabe destacar que contar con <strong>personal capacitado en Reanimaci\u00f3n Cardio Pulmonar<\/strong> es uno de los requisitos exigidos desde la Direcci\u00f3n de Habilitaciones, precisamente, para la habilitaci\u00f3n comercial de las Colonias.\u00a0<\/p>\n\n\n\n<p><\/p>\n\n\n\n<p>Por ello, en primer lugar, fue capacitado personal de Colonias de Verano o de Vacaciones. La propuesta fue gestada desde la Subsecretar\u00eda de Deportes y el Consejo Administrativo de Salud, junto al Departamento M\u00e9dico del CEF 44. Se recuerda por \u00faltimo que <strong>Olavarr\u00eda es declarada ciudad Cardio-protegida por Ordenanza 4345\/18.<\/strong><\/p>\n\n\n\n<p><\/p>\n","protected":false},"excerpt":{"rendered":"<p>Los talleres de RCP b\u00e1sica se adaptan a ni\u00f1os y ni\u00f1as y est\u00e1n a cargo de profesionales de APS.&nbsp; Con<\/p>\n","protected":false},"author":6,"featured_media":143191,"comment_status":"closed","ping_status":"closed","sticky":false,"template":"","format":"standard","meta":{"_jetpack_memberships_contains_paid_content":false,"footnotes":""},"categories":[5,1],"tags":[],"class_list":["post-143188","post","type-post","status-publish","format-standard","has-post-thumbnail","hentry","category-informacion-general","category-portada"],"jetpack_featured_media_url":"https:\/\/i0.wp.com\/cdnoticias.com\/wp-content\/uploads\/2025\/01\/rcp-ninos-ninas-capacitacion.png?fit=892%2C487&ssl=1","jetpack_sharing_enabled":true,"_links":{"self":[{"href":"https:\/\/cdnoticias.com\/index.php\/wp-json\/wp\/v2\/posts\/143188","targetHints":{"allow":["GET"]}}],"collection":[{"href":"https:\/\/cdnoticias.com\/index.php\/wp-json\/wp\/v2\/posts"}],"about":[{"href":"https:\/\/cdnoticias.com\/index.php\/wp-json\/wp\/v2\/types\/post"}],"author":[{"embeddable":true,"href":"https:\/\/cdnoticias.com\/index.php\/wp-json\/wp\/v2\/users\/6"}],"replies":[{"embeddable":true,"href":"https:\/\/cdnoticias.com\/index.php\/wp-json\/wp\/v2\/comments?post=143188"}],"version-history":[{"count":0,"href":"https:\/\/cdnoticias.com\/index.php\/wp-json\/wp\/v2\/posts\/143188\/revisions"}],"wp:featuredmedia":[{"embeddable":true,"href":"https:\/\/cdnoticias.com\/index.php\/wp-json\/wp\/v2\/media\/143191"}],"wp:attachment":[{"href":"https:\/\/cdnoticias.com\/index.php\/wp-json\/wp\/v2\/media?parent=143188"}],"wp:term":[{"taxonomy":"category","embeddable":true,"href":"https:\/\/cdnoticias.com\/index.php\/wp-json\/wp\/v2\/categories?post=143188"},{"taxonomy":"post_tag","embeddable":true,"href":"https:\/\/cdnoticias.com\/index.php\/wp-json\/wp\/v2\/tags?post=143188"}],"curies":[{"name":"wp","href":"https:\/\/api.w.org\/{rel}","templated":true}]}}