{"id":143175,"date":"2025-01-29T17:33:32","date_gmt":"2025-01-29T20:33:32","guid":{"rendered":"https:\/\/cdnoticias.com\/?p=143175"},"modified":"2025-01-29T17:33:36","modified_gmt":"2025-01-29T20:33:36","slug":"este-jueves-cine-coreano-en-el-ciclo-de-insurgente","status":"publish","type":"post","link":"https:\/\/cdnoticias.com\/index.php\/2025\/01\/29\/este-jueves-cine-coreano-en-el-ciclo-de-insurgente\/","title":{"rendered":"Este jueves, cine coreano en el ciclo de Insurgente"},"content":{"rendered":"\n<p>Se proyectar\u00e1 el film &#8220;OldBoy&#8221; del director Chan-wook Park. Entrada libre y gratuita a la gorra. Si el clima lo permite, la proyecci\u00f3n se desarrollar\u00e1 al aire libre.<\/p>\n\n\n\n<hr class=\"wp-block-separator aligncenter has-alpha-channel-opacity\"\/>\n\n\n\n<p>En el <strong>marco del ciclo de cine del espacio cultural Insurgente, <\/strong>este<strong> jueves 30 de enero a las 21 horas<\/strong> se<strong> proyectar\u00e1 &#8220;OldBoy&#8221; del 2003 de Chan-wook Park.<\/strong> Ser\u00e1 la funci\u00f3n 133.<\/p>\n\n\n\n<p><\/p>\n\n\n\n<p>&#8220;Oldboy&#8221; se gan\u00f3 la <strong>aclamaci\u00f3n de la cr\u00edtica en todo el mundo.<\/strong> En su paso por el Festival de Cine de Cannes obtuvo el premio Grand Prix y los elogios del jurado presidido por Quentin Tarantino.\u00a0<\/p>\n\n\n\n<p><\/p>\n\n\n\n<blockquote class=\"wp-block-quote is-layout-flow wp-block-quote-is-layout-flow\">\n<p>El filme recibi\u00f3 excelentes comentarios y fue alabada gracias a su poderosa historia, no por sus escenas fuertes, sino porque explora las profundidades del coraz\u00f3n humano como ning\u00fan otro.<\/p>\n<\/blockquote>\n\n\n\n<p><\/p>\n\n\n\n<p>Luego de la funci\u00f3n, tal como est\u00e1 pensada la din\u00e1mica, <strong>se realizar\u00e1 una charla debate grupal de an\u00e1lisis.\u00a0<\/strong>La actividad ser\u00e1 en Belgrano 3345. <strong>No se suspende por lluvia, si el clima lo permite la proyecci\u00f3n ser\u00e1 al aire libre.<\/strong> La entrada es libre y gratuita. Los participantes pueden realizar una colaboraci\u00f3n voluntaria.<\/p>\n\n\n\n<p><\/p>\n\n\n\n<p>El <strong>ciclo &#8220;Cine Puchito&#8221;<\/strong> del espacio cultural Insurgente es <strong>programado y coordinado por Seba Magallanes,<\/strong> director del Festival Latinoamericano de Cine de Olavarr\u00eda (FeLCO).<\/p>\n\n\n\n<p><\/p>\n","protected":false},"excerpt":{"rendered":"<p>Se proyectar\u00e1 el film &#8220;OldBoy&#8221; del director Chan-wook Park. Entrada libre y gratuita a la gorra. Si el clima lo<\/p>\n","protected":false},"author":6,"featured_media":143178,"comment_status":"closed","ping_status":"closed","sticky":false,"template":"","format":"standard","meta":{"_jetpack_memberships_contains_paid_content":false,"footnotes":""},"categories":[9,1],"tags":[],"class_list":["post-143175","post","type-post","status-publish","format-standard","has-post-thumbnail","hentry","category-cultura","category-portada"],"jetpack_featured_media_url":"https:\/\/i0.wp.com\/cdnoticias.com\/wp-content\/uploads\/2025\/01\/oldboy.jpg?fit=800%2C450&ssl=1","jetpack_sharing_enabled":true,"_links":{"self":[{"href":"https:\/\/cdnoticias.com\/index.php\/wp-json\/wp\/v2\/posts\/143175","targetHints":{"allow":["GET"]}}],"collection":[{"href":"https:\/\/cdnoticias.com\/index.php\/wp-json\/wp\/v2\/posts"}],"about":[{"href":"https:\/\/cdnoticias.com\/index.php\/wp-json\/wp\/v2\/types\/post"}],"author":[{"embeddable":true,"href":"https:\/\/cdnoticias.com\/index.php\/wp-json\/wp\/v2\/users\/6"}],"replies":[{"embeddable":true,"href":"https:\/\/cdnoticias.com\/index.php\/wp-json\/wp\/v2\/comments?post=143175"}],"version-history":[{"count":0,"href":"https:\/\/cdnoticias.com\/index.php\/wp-json\/wp\/v2\/posts\/143175\/revisions"}],"wp:featuredmedia":[{"embeddable":true,"href":"https:\/\/cdnoticias.com\/index.php\/wp-json\/wp\/v2\/media\/143178"}],"wp:attachment":[{"href":"https:\/\/cdnoticias.com\/index.php\/wp-json\/wp\/v2\/media?parent=143175"}],"wp:term":[{"taxonomy":"category","embeddable":true,"href":"https:\/\/cdnoticias.com\/index.php\/wp-json\/wp\/v2\/categories?post=143175"},{"taxonomy":"post_tag","embeddable":true,"href":"https:\/\/cdnoticias.com\/index.php\/wp-json\/wp\/v2\/tags?post=143175"}],"curies":[{"name":"wp","href":"https:\/\/api.w.org\/{rel}","templated":true}]}}