{"id":143158,"date":"2025-01-28T13:10:25","date_gmt":"2025-01-28T16:10:25","guid":{"rendered":"https:\/\/cdnoticias.com\/?p=143158"},"modified":"2025-01-28T13:10:29","modified_gmt":"2025-01-28T16:10:29","slug":"el-municipio-invito-a-una-reunion-a-emprendedores-locales-del-rubro-textil","status":"publish","type":"post","link":"https:\/\/cdnoticias.com\/index.php\/2025\/01\/28\/el-municipio-invito-a-una-reunion-a-emprendedores-locales-del-rubro-textil\/","title":{"rendered":"El Municipio invit\u00f3 a una reuni\u00f3n a emprendedores locales del rubro textil"},"content":{"rendered":"<p>La reuni\u00f3n ser\u00e1 este mi\u00e9rcoles a las 8:30 en el Sal\u00f3n Blanco del Palacio San Mart\u00edn con el objetivo de coordinar acciones conjuntas. Inscripci\u00f3n online.<!--more--><\/p>\n<hr \/>\n<p>La<strong> Coordinaci\u00f3n de Econom\u00eda Popular<\/strong> realizar\u00e1 una <strong>reuni\u00f3n con personas que lleven adelante emprendimientos del rubro textil<\/strong>, que produzcan a peque\u00f1a y\/o mediana escala.<\/p>\n<p>Dicho encuentro se realizar\u00e1 el <strong>mi\u00e9rcoles 29 a las 8:30 horas<\/strong> en el Sal\u00f3n Blanco del Palacio San Martin.<\/p>\n<blockquote><p>Se destac\u00f3 desde el Municipio que \u201ctiene como objetivo trabajar una pol\u00edtica de compras colectivas de insumos que permita abaratar costos y vincular al sector\u201d.<\/p><\/blockquote>\n<p>Quienes deseen participar pueden inscribirse mediante <a href=\"https:\/\/docs.google.com\/forms\/d\/e\/1FAIpQLSfoPGQvpuKVqQ_YLY5vlNtQWu1VUtuQL5QDzqP7rkUzUKf4iw\/viewform\" target=\"_blank\" rel=\"noopener\">el formulario disponible online<\/a>.<\/p>\n","protected":false},"excerpt":{"rendered":"<p>La reuni\u00f3n ser\u00e1 este mi\u00e9rcoles a las 8:30 en el Sal\u00f3n Blanco del Palacio San Mart\u00edn con el objetivo de<\/p>\n","protected":false},"author":4,"featured_media":100528,"comment_status":"closed","ping_status":"closed","sticky":false,"template":"","format":"standard","meta":{"_jetpack_memberships_contains_paid_content":false,"footnotes":""},"categories":[5,1],"tags":[],"class_list":["post-143158","post","type-post","status-publish","format-standard","has-post-thumbnail","hentry","category-informacion-general","category-portada"],"jetpack_featured_media_url":"https:\/\/i0.wp.com\/cdnoticias.com\/wp-content\/uploads\/2023\/10\/came-industria-textil.jpg?fit=600%2C400&ssl=1","jetpack_sharing_enabled":true,"_links":{"self":[{"href":"https:\/\/cdnoticias.com\/index.php\/wp-json\/wp\/v2\/posts\/143158","targetHints":{"allow":["GET"]}}],"collection":[{"href":"https:\/\/cdnoticias.com\/index.php\/wp-json\/wp\/v2\/posts"}],"about":[{"href":"https:\/\/cdnoticias.com\/index.php\/wp-json\/wp\/v2\/types\/post"}],"author":[{"embeddable":true,"href":"https:\/\/cdnoticias.com\/index.php\/wp-json\/wp\/v2\/users\/4"}],"replies":[{"embeddable":true,"href":"https:\/\/cdnoticias.com\/index.php\/wp-json\/wp\/v2\/comments?post=143158"}],"version-history":[{"count":0,"href":"https:\/\/cdnoticias.com\/index.php\/wp-json\/wp\/v2\/posts\/143158\/revisions"}],"wp:featuredmedia":[{"embeddable":true,"href":"https:\/\/cdnoticias.com\/index.php\/wp-json\/wp\/v2\/media\/100528"}],"wp:attachment":[{"href":"https:\/\/cdnoticias.com\/index.php\/wp-json\/wp\/v2\/media?parent=143158"}],"wp:term":[{"taxonomy":"category","embeddable":true,"href":"https:\/\/cdnoticias.com\/index.php\/wp-json\/wp\/v2\/categories?post=143158"},{"taxonomy":"post_tag","embeddable":true,"href":"https:\/\/cdnoticias.com\/index.php\/wp-json\/wp\/v2\/tags?post=143158"}],"curies":[{"name":"wp","href":"https:\/\/api.w.org\/{rel}","templated":true}]}}