{"id":14308,"date":"2021-02-20T19:54:32","date_gmt":"2021-02-20T22:54:32","guid":{"rendered":"http:\/\/www.centraldenoticias.com.ar\/?p=14308"},"modified":"2021-02-21T09:03:43","modified_gmt":"2021-02-21T12:03:43","slug":"cazola-hay-que-repensar-las-acciones-que-llevamos-adelante","status":"publish","type":"post","link":"https:\/\/cdnoticias.com\/index.php\/2021\/02\/20\/cazola-hay-que-repensar-las-acciones-que-llevamos-adelante\/","title":{"rendered":"Cazola: \u201cHay que repensar las acciones que llevamos adelante\u201d"},"content":{"rendered":"<p>La coordinadora de la S\u00e9ptima Secci\u00f3n Electoral del Ministerio de Mujeres particip\u00f3 de \u201cEl Estado Cerca Tuyo\u201d. Habl\u00f3 de las consultas recibidas y sobre el incremento de femicidios ocurridos en el pa\u00eds.<!--more--><\/p>\n<hr \/>\n<p><strong>Hosanna Cazola, coordinadora de la S\u00e9ptima Secci\u00f3n Electoral del Ministerio de Mujeres, Pol\u00edticas de G\u00e9nero y Diversidad<\/strong>, habl\u00f3 con <em>Central de Noticias<\/em> sobre la participaci\u00f3n del organismo en <a href=\"https:\/\/cdnoticias.com\/index.php\/2021\/02\/20\/queremos-estar-cerca-de-los-vecinos-organismos-recibieron-numerosas-consultas\/\" target=\"_blank\" rel=\"noopener\">\u201cEl Estado Cerca Tuyo\u201d que se desarroll\u00f3 este s\u00e1bado en Olavarr\u00eda.<\/a><\/p>\n<p>&nbsp;<\/p>\n<p>En un primer diagn\u00f3stico realizado durante el transcurso de la jornada se\u00f1al\u00f3 <em>\u201cla<strong> falta de informaci\u00f3n<\/strong> que hay en la poblaci\u00f3n sobre los dispositivos que hay a nivel municipal y provincial para el abordaje de las diferentes violencias\u201d.<\/em><\/p>\n<p>&nbsp;<\/p>\n<p>De esta forma, focalizaron en la promoci\u00f3n de estos aspectos e incluso abordaron algunas situaciones de violencia <em>\u201ctratando de derivar y hacer un acompa\u00f1amiento de esos procesos\u201d.<\/em><\/p>\n<p>&nbsp;<\/p>\n<p>Respecto a las consultas recibidas y teniendo en cuenta la complejidad de la problem\u00e1tica, Cazola indic\u00f3 que <strong><em>\u201cse acercan familiares, el entorno de la persona que est\u00e1 sufriendo violencia\u201d<\/em><\/strong>. Y agreg\u00f3: <em>\u201c\u00e9ramos conscientes que era muy dif\u00edcil que una persona en situaci\u00f3n de violencia venga a exponer su situaci\u00f3n, pero nos parec\u00eda que la presencia era muy importante para generar v\u00ednculos en torno a lo comunitario\u201d.<\/em><\/p>\n<p>&nbsp;<\/p>\n<p>Adem\u00e1s, la coordinadora indic\u00f3 que se est\u00e1n <strong>diagramando pr\u00f3ximas estrategias de intervenci\u00f3n en futuros encuentros en los barrios.<\/strong> La intenci\u00f3n es concurrir con talleres o alg\u00fan tipo de formaci\u00f3n<em> \u201cque d\u00e9 lugar a que las v\u00edctimas puedan acercarse y no sentirse tan expuestas\u201d.<\/em><\/p>\n<p>&nbsp;<\/p>\n<p><img data-recalc-dims=\"1\" loading=\"lazy\" decoding=\"async\" class=\"alignnone size-full wp-image-14303\" src=\"https:\/\/i0.wp.com\/cdnoticias.com\/wp-content\/uploads\/2021\/02\/hosanna-cazola1.jpg?resize=800%2C533&#038;ssl=1\" alt=\"\" width=\"800\" height=\"533\" srcset=\"https:\/\/i0.wp.com\/cdnoticias.com\/wp-content\/uploads\/2021\/02\/hosanna-cazola1.jpg?w=4608&amp;ssl=1 4608w, https:\/\/i0.wp.com\/cdnoticias.com\/wp-content\/uploads\/2021\/02\/hosanna-cazola1.jpg?resize=300%2C200&amp;ssl=1 300w, https:\/\/i0.wp.com\/cdnoticias.com\/wp-content\/uploads\/2021\/02\/hosanna-cazola1.jpg?resize=768%2C512&amp;ssl=1 768w, https:\/\/i0.wp.com\/cdnoticias.com\/wp-content\/uploads\/2021\/02\/hosanna-cazola1.jpg?resize=1024%2C683&amp;ssl=1 1024w, https:\/\/i0.wp.com\/cdnoticias.com\/wp-content\/uploads\/2021\/02\/hosanna-cazola1.jpg?resize=272%2C182&amp;ssl=1 272w, https:\/\/i0.wp.com\/cdnoticias.com\/wp-content\/uploads\/2021\/02\/hosanna-cazola1.jpg?w=1600&amp;ssl=1 1600w, https:\/\/i0.wp.com\/cdnoticias.com\/wp-content\/uploads\/2021\/02\/hosanna-cazola1.jpg?w=2400&amp;ssl=1 2400w\" sizes=\"auto, (max-width: 800px) 100vw, 800px\" \/><\/p>\n<p>&nbsp;<\/p>\n<p><strong>El contexto actual<\/strong><\/p>\n<p>Seg\u00fan el <strong>Observatorio Mumal\u00e1 Nacional<\/strong>, en lo que va de este 2021 se han contabilizado <strong>57 muertes por violencia machista en nuestro pa\u00eds.<\/strong> La cifra se incrementa d\u00eda a d\u00eda y resulta abrumadora. Es m\u00e1s, hace pocas horas fue hallado el cuerpo de <a href=\"https:\/\/cdnoticias.com\/index.php\/2021\/02\/20\/femicidio-de-ivana-modica-encontraron-su-cuerpo-luego-de-la-confesion-de-su-pareja\/\" target=\"_blank\" rel=\"noopener\">Ivana M\u00f3dica<\/a>, luego de que su pareja confesara el femicidio.<\/p>\n<p>&nbsp;<\/p>\n<p>Cazola se refiri\u00f3 al contexto actual y reconoci\u00f3 que <em>\u201chay un cuestionamiento\u201d<\/em> y una <strong>necesidad de <em>\u201crepensar cu\u00e1les son las acciones que estamos llevando adelante\u201d<\/em>.<\/strong> Se\u00f1al\u00f3 que<em> \u201csi bien podr\u00edamos contabilizar la bater\u00eda de esfuerzos y pol\u00edticas p\u00fablicas, cuando suceden los femicidios o una situaci\u00f3n extrema de violencia, somos conscientes de que nada de eso vale\u201d.<\/em><\/p>\n<p>&nbsp;<\/p>\n<p>En ese sentido, indic\u00f3 que habr\u00e1 que <strong><em>\u201credoblar esfuerzos para conocer en profundidad cu\u00e1les son las fallas\u201d<\/em><\/strong> y para <em>\u201cencontrar mecanismos integrales, interseccionales, interministeriales\u201d<\/em> al momento de abordar la problem\u00e1tica.<\/p>\n<p>&nbsp;<\/p>\n<p>Todo esto, trabajando <em>\u201cen el territorio con las personas de la comunidad\u201d<\/em> con el objetivo de<strong><em> \u201ctejer las redes que las mujeres y las disidencias estamos necesitando para resguardarnos\u201d.<\/em><\/strong><\/p>\n<p>&nbsp;<\/p>\n<p>Por \u00faltimo, rescat\u00f3 el<strong> trabajo de las organizaciones sociales<\/strong> que en los \u00faltimos tiempos <em>\u201chan sostenido la vida de las compa\u00f1eras en los territorios\u201d<\/em>. Y afirm\u00f3: <em>\u201cestamos tratando de trabajar en conjunto\u201d.<\/em><\/p>\n","protected":false},"excerpt":{"rendered":"<p>La coordinadora de la S\u00e9ptima Secci\u00f3n Electoral del Ministerio de Mujeres particip\u00f3 de \u201cEl Estado Cerca Tuyo\u201d. Habl\u00f3 de las<\/p>\n","protected":false},"author":5,"featured_media":14304,"comment_status":"closed","ping_status":"closed","sticky":false,"template":"","format":"standard","meta":{"_jetpack_memberships_contains_paid_content":false,"footnotes":""},"categories":[5,1],"tags":[],"class_list":["post-14308","post","type-post","status-publish","format-standard","has-post-thumbnail","hentry","category-informacion-general","category-portada"],"jetpack_featured_media_url":"https:\/\/i0.wp.com\/cdnoticias.com\/wp-content\/uploads\/2021\/02\/hosanna-cazola2.jpg?fit=4608%2C3072&ssl=1","jetpack_sharing_enabled":true,"_links":{"self":[{"href":"https:\/\/cdnoticias.com\/index.php\/wp-json\/wp\/v2\/posts\/14308","targetHints":{"allow":["GET"]}}],"collection":[{"href":"https:\/\/cdnoticias.com\/index.php\/wp-json\/wp\/v2\/posts"}],"about":[{"href":"https:\/\/cdnoticias.com\/index.php\/wp-json\/wp\/v2\/types\/post"}],"author":[{"embeddable":true,"href":"https:\/\/cdnoticias.com\/index.php\/wp-json\/wp\/v2\/users\/5"}],"replies":[{"embeddable":true,"href":"https:\/\/cdnoticias.com\/index.php\/wp-json\/wp\/v2\/comments?post=14308"}],"version-history":[{"count":0,"href":"https:\/\/cdnoticias.com\/index.php\/wp-json\/wp\/v2\/posts\/14308\/revisions"}],"wp:featuredmedia":[{"embeddable":true,"href":"https:\/\/cdnoticias.com\/index.php\/wp-json\/wp\/v2\/media\/14304"}],"wp:attachment":[{"href":"https:\/\/cdnoticias.com\/index.php\/wp-json\/wp\/v2\/media?parent=14308"}],"wp:term":[{"taxonomy":"category","embeddable":true,"href":"https:\/\/cdnoticias.com\/index.php\/wp-json\/wp\/v2\/categories?post=14308"},{"taxonomy":"post_tag","embeddable":true,"href":"https:\/\/cdnoticias.com\/index.php\/wp-json\/wp\/v2\/tags?post=14308"}],"curies":[{"name":"wp","href":"https:\/\/api.w.org\/{rel}","templated":true}]}}