{"id":14280,"date":"2021-02-20T12:58:20","date_gmt":"2021-02-20T15:58:20","guid":{"rendered":"http:\/\/www.centraldenoticias.com.ar\/?p=14280"},"modified":"2021-02-20T14:20:49","modified_gmt":"2021-02-20T17:20:49","slug":"queremos-estar-cerca-de-los-vecinos-organismos-recibieron-numerosas-consultas","status":"publish","type":"post","link":"https:\/\/cdnoticias.com\/index.php\/2021\/02\/20\/queremos-estar-cerca-de-los-vecinos-organismos-recibieron-numerosas-consultas\/","title":{"rendered":"\u201cQueremos estar cerca de los vecinos\u201d: organismos recibieron numerosas consultas"},"content":{"rendered":"<p>La jornada denominada \u201cEl Estado Cerca Tuyo\u201d estuvo presente este s\u00e1bado desde las 9, en Col\u00f3n y Alberdi. Vecinos y vecinas de Olavarr\u00eda canalizaron consultas sobre diversas tem\u00e1ticas. Central de Noticias recorri\u00f3 los diferentes puestos de atenci\u00f3n.<!--more--><\/p>\n<hr \/>\n<p>Organismos provinciales y nacionales estuvieron presentes en el cruce de las avenidas Col\u00f3n y Alberdi. <strong>A pocas horas de comenzar, se hab\u00edan superado las mil consultas respecto a distintos temas<\/strong>: desde pensiones y asignaciones hasta la pre-inscripci\u00f3n para la vacunaci\u00f3n contra el Covid-19 o b\u00fasqueda de informaci\u00f3n sobre c\u00f3mo actuar ante casos de violencia de g\u00e9nero.<\/p>\n<p>&nbsp;<\/p>\n<p><em>\u201cVine para hacer el cambio de domicilio. Hace dos d\u00edas dejaron folletos en el barrio y aprovech\u00e9 y vine. Soy de ac\u00e1 cerquita\u201d<\/em> o<em> \u201csoy de la Sarmiento para all\u00e1, vine a hacer el documento porque lo perd\u00ed a mediados del a\u00f1o pasado, pero si pierdo un d\u00eda en el laburo me descuentan mucho\u201d<\/em>, fueron algunos de los testimonios de las personas que se encontraban esperando para ser atendidas en <strong>el m\u00f3vil del Renaper que tramit\u00f3 numerosos DNI en el marco de la jornada \u201cEl Estado Cerca Tuyo\u201d y super\u00f3 el horario de atenci\u00f3n prevista.<\/strong><\/p>\n<p>&nbsp;<\/p>\n<p><em>\u201cVengo a ver si puedo conseguir una pensi\u00f3n o si me pueden orientar porque estoy pr\u00f3xima a la jubilaci\u00f3n\u201d<\/em>, se\u00f1al\u00f3 otra vecina antes de ser atendida por personal de ANSES, tambi\u00e9n de los m\u00e1s requeridos durante la ma\u00f1ana del s\u00e1bado.<\/p>\n<p>&nbsp;<\/p>\n<p><img data-recalc-dims=\"1\" loading=\"lazy\" decoding=\"async\" class=\"alignnone size-full wp-image-14283\" src=\"https:\/\/i0.wp.com\/cdnoticias.com\/wp-content\/uploads\/2021\/02\/estado-cerca-tuyo2.jpg?resize=800%2C533&#038;ssl=1\" alt=\"\" width=\"800\" height=\"533\" srcset=\"https:\/\/i0.wp.com\/cdnoticias.com\/wp-content\/uploads\/2021\/02\/estado-cerca-tuyo2.jpg?w=4608&amp;ssl=1 4608w, https:\/\/i0.wp.com\/cdnoticias.com\/wp-content\/uploads\/2021\/02\/estado-cerca-tuyo2.jpg?resize=300%2C200&amp;ssl=1 300w, https:\/\/i0.wp.com\/cdnoticias.com\/wp-content\/uploads\/2021\/02\/estado-cerca-tuyo2.jpg?resize=768%2C512&amp;ssl=1 768w, https:\/\/i0.wp.com\/cdnoticias.com\/wp-content\/uploads\/2021\/02\/estado-cerca-tuyo2.jpg?resize=1024%2C683&amp;ssl=1 1024w, https:\/\/i0.wp.com\/cdnoticias.com\/wp-content\/uploads\/2021\/02\/estado-cerca-tuyo2.jpg?resize=272%2C182&amp;ssl=1 272w, https:\/\/i0.wp.com\/cdnoticias.com\/wp-content\/uploads\/2021\/02\/estado-cerca-tuyo2.jpg?w=1600&amp;ssl=1 1600w, https:\/\/i0.wp.com\/cdnoticias.com\/wp-content\/uploads\/2021\/02\/estado-cerca-tuyo2.jpg?w=2400&amp;ssl=1 2400w\" sizes=\"auto, (max-width: 800px) 100vw, 800px\" \/><\/p>\n<p>&nbsp;<\/p>\n<p>Vecinos y vecinas de la ciudad canalizaron consultas en los puestos de <strong>IOMA, ANSES, Defensor\u00eda de la Provincia de Buenos Aires, Regi\u00f3n Sanitaria, Centro de Acceso a la Justicia, Ministerio de las Mujeres, Pol\u00edticas de G\u00e9nero y Diversidad Sexual, Ministerio de Desarrollo Social, Secretar\u00eda de Derechos Humanos, Ministerio de Trabajo, Direcci\u00f3n General de Cultura y de Educaci\u00f3n, Sedronar, CNRT, Plan FINES y Renaper.<\/strong><\/p>\n<p>&nbsp;<\/p>\n<p><em>Central de Noticias<\/em> habl\u00f3 con los referentes de los distintos organismos quienes destacaron la concurrencia y la posibilidad de<strong> dialogar \u201ccara a cara\u201d con las personas.<\/strong><\/p>\n<p>&nbsp;<\/p>\n<p><img data-recalc-dims=\"1\" loading=\"lazy\" decoding=\"async\" class=\"alignnone size-full wp-image-14284\" src=\"https:\/\/i0.wp.com\/cdnoticias.com\/wp-content\/uploads\/2021\/02\/wesner.jpg?resize=800%2C533&#038;ssl=1\" alt=\"\" width=\"800\" height=\"533\" srcset=\"https:\/\/i0.wp.com\/cdnoticias.com\/wp-content\/uploads\/2021\/02\/wesner.jpg?w=4608&amp;ssl=1 4608w, https:\/\/i0.wp.com\/cdnoticias.com\/wp-content\/uploads\/2021\/02\/wesner.jpg?resize=300%2C200&amp;ssl=1 300w, https:\/\/i0.wp.com\/cdnoticias.com\/wp-content\/uploads\/2021\/02\/wesner.jpg?resize=768%2C512&amp;ssl=1 768w, https:\/\/i0.wp.com\/cdnoticias.com\/wp-content\/uploads\/2021\/02\/wesner.jpg?resize=1024%2C683&amp;ssl=1 1024w, https:\/\/i0.wp.com\/cdnoticias.com\/wp-content\/uploads\/2021\/02\/wesner.jpg?resize=272%2C182&amp;ssl=1 272w, https:\/\/i0.wp.com\/cdnoticias.com\/wp-content\/uploads\/2021\/02\/wesner.jpg?w=1600&amp;ssl=1 1600w, https:\/\/i0.wp.com\/cdnoticias.com\/wp-content\/uploads\/2021\/02\/wesner.jpg?w=2400&amp;ssl=1 2400w\" sizes=\"auto, (max-width: 800px) 100vw, 800px\" \/><\/p>\n<p>&nbsp;<\/p>\n<p><em><strong>\u201cEstar cerca de los vecinos\u201d<\/strong><\/em><\/p>\n<p>&nbsp;<\/p>\n<p><strong>Maximiliano Wesner, titular de la delegaci\u00f3n local de Anses<\/strong>, hizo un alto en la atenci\u00f3n para dialogar con este medio. Destac\u00f3 la presencia de los organismos<em> \u201ccerca de la puerta de la casa del vecino y la vecina de Olavarr\u00eda\u201d.<\/em><\/p>\n<p>&nbsp;<\/p>\n<p>Respecto a los temas consultados durante la jornada se\u00f1al\u00f3 principalmente los referentes a <em>\u201cel estado de las pensiones por discapacidad, ya que recordemos que en los 4 a\u00f1os de la gesti\u00f3n anterior estuvieron guardados en una caja y no se liquidaron\u201d.<\/em><\/p>\n<p>&nbsp;<\/p>\n<p><img data-recalc-dims=\"1\" loading=\"lazy\" decoding=\"async\" class=\"alignnone size-full wp-image-14282\" src=\"https:\/\/i0.wp.com\/cdnoticias.com\/wp-content\/uploads\/2021\/02\/estado-cerca-tuyo1.jpg?resize=800%2C533&#038;ssl=1\" alt=\"\" width=\"800\" height=\"533\" srcset=\"https:\/\/i0.wp.com\/cdnoticias.com\/wp-content\/uploads\/2021\/02\/estado-cerca-tuyo1.jpg?w=4608&amp;ssl=1 4608w, https:\/\/i0.wp.com\/cdnoticias.com\/wp-content\/uploads\/2021\/02\/estado-cerca-tuyo1.jpg?resize=300%2C200&amp;ssl=1 300w, https:\/\/i0.wp.com\/cdnoticias.com\/wp-content\/uploads\/2021\/02\/estado-cerca-tuyo1.jpg?resize=768%2C512&amp;ssl=1 768w, https:\/\/i0.wp.com\/cdnoticias.com\/wp-content\/uploads\/2021\/02\/estado-cerca-tuyo1.jpg?resize=1024%2C683&amp;ssl=1 1024w, https:\/\/i0.wp.com\/cdnoticias.com\/wp-content\/uploads\/2021\/02\/estado-cerca-tuyo1.jpg?resize=272%2C182&amp;ssl=1 272w, https:\/\/i0.wp.com\/cdnoticias.com\/wp-content\/uploads\/2021\/02\/estado-cerca-tuyo1.jpg?w=1600&amp;ssl=1 1600w, https:\/\/i0.wp.com\/cdnoticias.com\/wp-content\/uploads\/2021\/02\/estado-cerca-tuyo1.jpg?w=2400&amp;ssl=1 2400w\" sizes=\"auto, (max-width: 800px) 100vw, 800px\" \/><\/p>\n<p>&nbsp;<\/p>\n<p>Adem\u00e1s, hubo consultas sobre <strong>Asignaci\u00f3n por Hijo y turno para cr\u00e9ditos<\/strong><em> \u201cque se retomaron hace unos 60 d\u00edas\u201d.<\/em><\/p>\n<p>&nbsp;<\/p>\n<p><em><strong>\u201cLa impronta que le queremos dar a la gesti\u00f3n es estar cerca de los vecinos\u201d<\/strong>, <\/em>asegur\u00f3 Wesner y resalt\u00f3<em> \u201cla atenci\u00f3n integral\u201d<\/em>, debido a que ocurri\u00f3 que muchas personas se acercaron por una consulta en particular y terminaron <em>\u201cvisitando\u201d<\/em> otros puestos para canalizar dudas o gestionar por ejemplo <em>\u201cpasajes con descuentos que tienen que ver con la CNRT\u201d.<\/em><\/p>\n","protected":false},"excerpt":{"rendered":"<p>La jornada denominada \u201cEl Estado Cerca Tuyo\u201d estuvo presente este s\u00e1bado desde las 9, en Col\u00f3n y Alberdi. Vecinos y<\/p>\n","protected":false},"author":5,"featured_media":14281,"comment_status":"closed","ping_status":"closed","sticky":false,"template":"","format":"standard","meta":{"_jetpack_memberships_contains_paid_content":false,"footnotes":""},"categories":[5,1],"tags":[],"class_list":["post-14280","post","type-post","status-publish","format-standard","has-post-thumbnail","hentry","category-informacion-general","category-portada"],"jetpack_featured_media_url":"https:\/\/i0.wp.com\/cdnoticias.com\/wp-content\/uploads\/2021\/02\/estado-cerca-tuyo-1.jpg?fit=4608%2C3072&ssl=1","jetpack_sharing_enabled":true,"_links":{"self":[{"href":"https:\/\/cdnoticias.com\/index.php\/wp-json\/wp\/v2\/posts\/14280","targetHints":{"allow":["GET"]}}],"collection":[{"href":"https:\/\/cdnoticias.com\/index.php\/wp-json\/wp\/v2\/posts"}],"about":[{"href":"https:\/\/cdnoticias.com\/index.php\/wp-json\/wp\/v2\/types\/post"}],"author":[{"embeddable":true,"href":"https:\/\/cdnoticias.com\/index.php\/wp-json\/wp\/v2\/users\/5"}],"replies":[{"embeddable":true,"href":"https:\/\/cdnoticias.com\/index.php\/wp-json\/wp\/v2\/comments?post=14280"}],"version-history":[{"count":0,"href":"https:\/\/cdnoticias.com\/index.php\/wp-json\/wp\/v2\/posts\/14280\/revisions"}],"wp:featuredmedia":[{"embeddable":true,"href":"https:\/\/cdnoticias.com\/index.php\/wp-json\/wp\/v2\/media\/14281"}],"wp:attachment":[{"href":"https:\/\/cdnoticias.com\/index.php\/wp-json\/wp\/v2\/media?parent=14280"}],"wp:term":[{"taxonomy":"category","embeddable":true,"href":"https:\/\/cdnoticias.com\/index.php\/wp-json\/wp\/v2\/categories?post=14280"},{"taxonomy":"post_tag","embeddable":true,"href":"https:\/\/cdnoticias.com\/index.php\/wp-json\/wp\/v2\/tags?post=14280"}],"curies":[{"name":"wp","href":"https:\/\/api.w.org\/{rel}","templated":true}]}}