{"id":142746,"date":"2025-01-27T20:47:19","date_gmt":"2025-01-27T23:47:19","guid":{"rendered":"https:\/\/cdnoticias.com\/?p=142746"},"modified":"2025-01-28T09:26:59","modified_gmt":"2025-01-28T12:26:59","slug":"fue-secuestrado-el-camion-que-ocasiono-la-muerte-del-operario-en-el-relleno-sanitario","status":"publish","type":"post","link":"https:\/\/cdnoticias.com\/index.php\/2025\/01\/27\/fue-secuestrado-el-camion-que-ocasiono-la-muerte-del-operario-en-el-relleno-sanitario\/","title":{"rendered":"Fue secuestrado el cami\u00f3n que ocasion\u00f3 la muerte del operario en el Relleno Sanitario"},"content":{"rendered":"<p>Las actuaciones fueron caratuladas \u201caveriguaci\u00f3n de causales de muerte\u201d a cargo de la Subcomisar\u00eda de Sierra Chica y la UFI N\u00ba 4.<\/p>\n<p><!--more--><\/p>\n<hr \/>\n<p><a href=\"https:\/\/cdnoticias.com\/index.php\/2025\/01\/27\/fallecio-un-hombre-tras-un-accidente-en-el-relleno-sanitario\/\" target=\"_blank\" rel=\"noopener\">Tal como se inform\u00f3<\/a>, este lunes<strong> falleci\u00f3 un hombre v\u00edctima de un accidente<\/strong> con un cami\u00f3n <strong>en el Relleno Sanitario de nuestra ciudad<\/strong>.<\/p>\n<p>Central de Noticias accedi\u00f3 a la informaci\u00f3n de las primeras actuaciones penales para establecer lo sucedido con Carlos Santell\u00e1n, de 46 a\u00f1os.<\/p>\n<p>Las averiguaciones estuvieron a cargo de la <strong>Subcomisar\u00eda de Sierra Chica<\/strong> a cuya jurisdicci\u00f3n corresponde el predio ubicado en Ituzaing\u00f3 al 1066 donde se dieron los hechos. Inicialmente se caratularon<em> \u201clesiones graves por accidente\u201d<\/em>, aunque tras confirmar el deceso de Santill\u00e1n, se calificaron como<strong> \u201caveriguaci\u00f3n de causales de muerte\u201d<\/strong>.<\/p>\n<blockquote><p>En ese marco se dispuso el secuestro del cami\u00f3n tipo regador Ford Eurocargo con la inscripci\u00f3n \u201cTransporte Malvinas\u201d.<\/p><\/blockquote>\n<p>Seg\u00fan se estableci\u00f3, <strong>Santell\u00e1n fue aplastado por la rueda de ese rodado<\/strong> lo que le ocasion\u00f3 lesiones graves. Con riesgo de vida<strong> fue derivado al Hospital Municipal<\/strong> donde poco despu\u00e9s se constat\u00f3 su <strong>muerte<\/strong>.<\/p>\n<p>Asimismo, los efectivos policiales y personal de la UFI N\u00ba 4 que interviene en la causa solicitaron la <strong>actuaci\u00f3n de peritos<\/strong> y las<strong> im\u00e1genes de las c\u00e1maras de seguridad<\/strong> del sector, adem\u00e1s de tomar<strong> testimonios de otras personas que se encontraban en el predio<\/strong>.<\/p>\n<p>Por \u00faltimo, se inform\u00f3 que este mismo lunes estaba prevista la <strong>realizaci\u00f3n de la operaci\u00f3n de autopsia<\/strong> a cargo de la Delegaci\u00f3n de Polic\u00eda Cient\u00edfica de Azul.<\/p>\n","protected":false},"excerpt":{"rendered":"<p>Las actuaciones fueron caratuladas \u201caveriguaci\u00f3n de causales de muerte\u201d a cargo de la Subcomisar\u00eda de Sierra Chica y la UFI<\/p>\n","protected":false},"author":4,"featured_media":37941,"comment_status":"closed","ping_status":"closed","sticky":false,"template":"","format":"standard","meta":{"_jetpack_memberships_contains_paid_content":false,"footnotes":""},"categories":[14,1],"tags":[],"class_list":["post-142746","post","type-post","status-publish","format-standard","has-post-thumbnail","hentry","category-policiales","category-portada"],"jetpack_featured_media_url":"https:\/\/i0.wp.com\/cdnoticias.com\/wp-content\/uploads\/2021\/11\/WhatsApp-Image-2021-11-06-at-20.41.06-1.jpeg?fit=1600%2C900&ssl=1","jetpack_sharing_enabled":true,"_links":{"self":[{"href":"https:\/\/cdnoticias.com\/index.php\/wp-json\/wp\/v2\/posts\/142746","targetHints":{"allow":["GET"]}}],"collection":[{"href":"https:\/\/cdnoticias.com\/index.php\/wp-json\/wp\/v2\/posts"}],"about":[{"href":"https:\/\/cdnoticias.com\/index.php\/wp-json\/wp\/v2\/types\/post"}],"author":[{"embeddable":true,"href":"https:\/\/cdnoticias.com\/index.php\/wp-json\/wp\/v2\/users\/4"}],"replies":[{"embeddable":true,"href":"https:\/\/cdnoticias.com\/index.php\/wp-json\/wp\/v2\/comments?post=142746"}],"version-history":[{"count":0,"href":"https:\/\/cdnoticias.com\/index.php\/wp-json\/wp\/v2\/posts\/142746\/revisions"}],"wp:featuredmedia":[{"embeddable":true,"href":"https:\/\/cdnoticias.com\/index.php\/wp-json\/wp\/v2\/media\/37941"}],"wp:attachment":[{"href":"https:\/\/cdnoticias.com\/index.php\/wp-json\/wp\/v2\/media?parent=142746"}],"wp:term":[{"taxonomy":"category","embeddable":true,"href":"https:\/\/cdnoticias.com\/index.php\/wp-json\/wp\/v2\/categories?post=142746"},{"taxonomy":"post_tag","embeddable":true,"href":"https:\/\/cdnoticias.com\/index.php\/wp-json\/wp\/v2\/tags?post=142746"}],"curies":[{"name":"wp","href":"https:\/\/api.w.org\/{rel}","templated":true}]}}