{"id":14272,"date":"2021-02-20T11:12:02","date_gmt":"2021-02-20T14:12:02","guid":{"rendered":"http:\/\/www.centraldenoticias.com.ar\/?p=14272"},"modified":"2021-02-20T12:58:34","modified_gmt":"2021-02-20T15:58:34","slug":"lo-atraparon-robando-un-kiosco-intento-llevarse-235-atados-de-cigarrillos-y-mercaderia","status":"publish","type":"post","link":"https:\/\/cdnoticias.com\/index.php\/2021\/02\/20\/lo-atraparon-robando-un-kiosco-intento-llevarse-235-atados-de-cigarrillos-y-mercaderia\/","title":{"rendered":"Lo atraparon robando un kiosco: intent\u00f3 llevarse 235 atados de cigarrillos y mercader\u00eda"},"content":{"rendered":"<p>Un joven de 22 a\u00f1os fue atrapado adentro de un comercio ubicado en Ituzaing\u00f3 y \u00c1lvaro Barros. Fue aprehendido y trasladado a la comisar\u00eda Primera.<!--more--><\/p>\n<hr \/>\n<p>Durante la madrugada de este s\u00e1bado, un joven de 22 a\u00f1os fue atrapado cuando intentaba robar en un kiosco 24 horas ubicado en avenida Ituzaing\u00f3 y \u00c1lvaro Barros.<\/p>\n<p>&nbsp;<\/p>\n<p>Personal policial que se encontraba realizando adicionales para Control Urbano fue advertido del hecho y r\u00e1pidamente concurri\u00f3 al lugar. Al llegar pudieron ver que<strong> la puerta de acceso al local se encontraba forzada y el delincuente en el interior del comercio.<\/strong><\/p>\n<p>&nbsp;<\/p>\n<p><img data-recalc-dims=\"1\" loading=\"lazy\" decoding=\"async\" class=\"alignnone size-full wp-image-14275\" src=\"https:\/\/i0.wp.com\/cdnoticias.com\/wp-content\/uploads\/2021\/02\/WhatsApp-Image-2021-02-20-at-10.34.33-1.jpeg?resize=800%2C450&#038;ssl=1\" alt=\"\" width=\"800\" height=\"450\" srcset=\"https:\/\/i0.wp.com\/cdnoticias.com\/wp-content\/uploads\/2021\/02\/WhatsApp-Image-2021-02-20-at-10.34.33-1.jpeg?w=1280&amp;ssl=1 1280w, https:\/\/i0.wp.com\/cdnoticias.com\/wp-content\/uploads\/2021\/02\/WhatsApp-Image-2021-02-20-at-10.34.33-1.jpeg?resize=300%2C169&amp;ssl=1 300w, https:\/\/i0.wp.com\/cdnoticias.com\/wp-content\/uploads\/2021\/02\/WhatsApp-Image-2021-02-20-at-10.34.33-1.jpeg?resize=768%2C432&amp;ssl=1 768w, https:\/\/i0.wp.com\/cdnoticias.com\/wp-content\/uploads\/2021\/02\/WhatsApp-Image-2021-02-20-at-10.34.33-1.jpeg?resize=1024%2C576&amp;ssl=1 1024w\" sizes=\"auto, (max-width: 800px) 100vw, 800px\" \/><\/p>\n<p>&nbsp;<\/p>\n<p>El hombre fue reducido sin ofrecer resistencia, y a los pocos metros del comercio se encontr\u00f3 debajo de un \u00e1rbol una <strong>lata de 20 litros cargada de mercader\u00eda.<\/strong><\/p>\n<p>&nbsp;<\/p>\n<p>Entre los elementos hallados se encontraban <strong>235 atados de cigarrillos de distintas marcas, latas de cerveza, un monitor, un teclado, un scanner de c\u00f3digo de barras, chocolates, helados, m\u00e1quinas de afeitar descartables, entre otros art\u00edculos.<\/strong><\/p>\n<p>&nbsp;<\/p>\n<p><img data-recalc-dims=\"1\" loading=\"lazy\" decoding=\"async\" class=\"alignnone size-full wp-image-14276\" src=\"https:\/\/i0.wp.com\/cdnoticias.com\/wp-content\/uploads\/2021\/02\/WhatsApp-Image-2021-02-20-at-10.34.33.jpeg?resize=800%2C450&#038;ssl=1\" alt=\"\" width=\"800\" height=\"450\" srcset=\"https:\/\/i0.wp.com\/cdnoticias.com\/wp-content\/uploads\/2021\/02\/WhatsApp-Image-2021-02-20-at-10.34.33.jpeg?w=1280&amp;ssl=1 1280w, https:\/\/i0.wp.com\/cdnoticias.com\/wp-content\/uploads\/2021\/02\/WhatsApp-Image-2021-02-20-at-10.34.33.jpeg?resize=300%2C169&amp;ssl=1 300w, https:\/\/i0.wp.com\/cdnoticias.com\/wp-content\/uploads\/2021\/02\/WhatsApp-Image-2021-02-20-at-10.34.33.jpeg?resize=768%2C432&amp;ssl=1 768w, https:\/\/i0.wp.com\/cdnoticias.com\/wp-content\/uploads\/2021\/02\/WhatsApp-Image-2021-02-20-at-10.34.33.jpeg?resize=1024%2C576&amp;ssl=1 1024w\" sizes=\"auto, (max-width: 800px) 100vw, 800px\" \/><\/p>\n<p>&nbsp;<\/p>\n<p>Minutos despu\u00e9s, el propietario del comercio se hizo presente en el lugar para reconocer <strong>la mercader\u00eda que fue trasladada a la sede policial. \u00a0<\/strong><\/p>\n<p>&nbsp;<\/p>\n<p>En tanto, <strong>el joven de 22 a\u00f1os fue alojado en la comisar\u00eda primera a la espera de las actuaciones correspondientes.<\/strong><\/p>\n<p>&nbsp;<\/p>\n<p>La causa est\u00e1 caratulada como <strong>\u201crobo in fraganti delito\u201d<\/strong> con intervenci\u00f3n de la UFI N\u00b0 4.<\/p>\n","protected":false},"excerpt":{"rendered":"<p>Un joven de 22 a\u00f1os fue atrapado adentro de un comercio ubicado en Ituzaing\u00f3 y \u00c1lvaro Barros. Fue aprehendido y<\/p>\n","protected":false},"author":5,"featured_media":14273,"comment_status":"closed","ping_status":"closed","sticky":false,"template":"","format":"standard","meta":{"_jetpack_memberships_contains_paid_content":false,"footnotes":""},"categories":[14,1],"tags":[],"class_list":["post-14272","post","type-post","status-publish","format-standard","has-post-thumbnail","hentry","category-policiales","category-portada"],"jetpack_featured_media_url":"https:\/\/i0.wp.com\/cdnoticias.com\/wp-content\/uploads\/2021\/02\/WhatsApp-Image-2021-02-20-at-10.34.33-3.jpeg?fit=720%2C1280&ssl=1","jetpack_sharing_enabled":true,"_links":{"self":[{"href":"https:\/\/cdnoticias.com\/index.php\/wp-json\/wp\/v2\/posts\/14272","targetHints":{"allow":["GET"]}}],"collection":[{"href":"https:\/\/cdnoticias.com\/index.php\/wp-json\/wp\/v2\/posts"}],"about":[{"href":"https:\/\/cdnoticias.com\/index.php\/wp-json\/wp\/v2\/types\/post"}],"author":[{"embeddable":true,"href":"https:\/\/cdnoticias.com\/index.php\/wp-json\/wp\/v2\/users\/5"}],"replies":[{"embeddable":true,"href":"https:\/\/cdnoticias.com\/index.php\/wp-json\/wp\/v2\/comments?post=14272"}],"version-history":[{"count":0,"href":"https:\/\/cdnoticias.com\/index.php\/wp-json\/wp\/v2\/posts\/14272\/revisions"}],"wp:featuredmedia":[{"embeddable":true,"href":"https:\/\/cdnoticias.com\/index.php\/wp-json\/wp\/v2\/media\/14273"}],"wp:attachment":[{"href":"https:\/\/cdnoticias.com\/index.php\/wp-json\/wp\/v2\/media?parent=14272"}],"wp:term":[{"taxonomy":"category","embeddable":true,"href":"https:\/\/cdnoticias.com\/index.php\/wp-json\/wp\/v2\/categories?post=14272"},{"taxonomy":"post_tag","embeddable":true,"href":"https:\/\/cdnoticias.com\/index.php\/wp-json\/wp\/v2\/tags?post=14272"}],"curies":[{"name":"wp","href":"https:\/\/api.w.org\/{rel}","templated":true}]}}