{"id":142617,"date":"2025-01-27T18:38:48","date_gmt":"2025-01-27T21:38:48","guid":{"rendered":"https:\/\/cdnoticias.com\/?p=142617"},"modified":"2025-01-27T18:38:52","modified_gmt":"2025-01-27T21:38:52","slug":"llega-la-tercera-correcaminata-nocturna-a-sierras-bayas","status":"publish","type":"post","link":"https:\/\/cdnoticias.com\/index.php\/2025\/01\/27\/llega-la-tercera-correcaminata-nocturna-a-sierras-bayas\/","title":{"rendered":"Llega la tercera Correcaminata Nocturna a Sierras Bayas"},"content":{"rendered":"\n<p>El evento ser\u00e1 el jueves 13 de febrero. La inscripci\u00f3n ya se encuentra abierta.&nbsp;<\/p>\n\n\n\n<hr class=\"wp-block-separator aligncenter has-alpha-channel-opacity\"\/>\n\n\n\n<p>Se viene la <strong>tercera Correcaminata Nocturna <\/strong>de la Temporada 2023\/2024, enmarcada en el Programa Municipal<strong> Olavarr\u00eda en Verano.\u00a0<\/strong><\/p>\n\n\n\n<p><\/p>\n\n\n\n<p>En esta ocasi\u00f3n <strong>el evento tendr\u00e1 lugar en Sierras Bayas,<\/strong> con punto de encuentro en el <strong>club San Mart\u00edn, <\/strong>donde adem\u00e1s de ser el punto de largada y llegada de la prueba pedestre, tendr\u00e1n lugar all\u00ed tambi\u00e9n <strong>propuestas recreativas para todas las edades.<\/strong><\/p>\n\n\n\n<p><\/p>\n\n\n\n<p>La propuesta se realizar\u00e1 el pr\u00f3ximo<strong> jueves 13 de febrero, a partir de las 19 horas.<\/strong> Si bien el evento es <strong>libre y gratuito,<\/strong> las personas interesadas en participar de la prueba principal deber\u00e1n anotarse previamente a trav\u00e9s del formulario online al que se accede haciendo <strong><a href=\"https:\/\/bit.ly\/CorrecaminataSierrasBayas\">click aqu\u00ed<\/a>.<\/strong><\/p>\n\n\n\n<p><\/p>\n\n\n\n<blockquote class=\"wp-block-quote is-layout-flow wp-block-quote-is-layout-flow\">\n<p>\u00a0El programa contempla que la primera actividad a desarrollarse esa jornada ser\u00e1 una clase abierta de gimnasia, encabezada por profesoras del staff de la Direcci\u00f3n de Deporte Social del Municipio.<\/p>\n<\/blockquote>\n\n\n\n<p><\/p>\n\n\n\n<p>Luego, desde las 20, dar\u00e1n comienzo las <strong>pruebas y carreras para chicos y chicas<\/strong>, uno de los momentos m\u00e1s divertidos pero tambi\u00e9n emotivos que tienen las Correcaminatas.<\/p>\n\n\n\n<p><\/p>\n\n\n\n<p>Posteriormente, alrededor de las 21 horas, ser\u00e1 el momento m\u00e1s esperado con la largada de la prueba central, que tendr\u00e1 un <strong>trazado de 3 kil\u00f3metros<\/strong> en los que <strong>se recorrer\u00e1n distintos puntos de la localidad.\u00a0<\/strong><\/p>\n\n\n\n<p><\/p>\n\n\n\n<p>El objetivo de la propuesta es seguir<strong> promoviendo h\u00e1bitos saludable<\/strong>s y la participaci\u00f3n de cada vez m\u00e1s personas, por lo que el recorrido est\u00e1 dise\u00f1ado tanto para realizarlo en velocidad como de manera recreativa caminando.<\/p>\n","protected":false},"excerpt":{"rendered":"<p>El evento ser\u00e1 el jueves 13 de febrero. La inscripci\u00f3n ya se encuentra abierta.&nbsp; Se viene la tercera Correcaminata Nocturna<\/p>\n","protected":false},"author":6,"featured_media":107537,"comment_status":"closed","ping_status":"closed","sticky":false,"template":"","format":"standard","meta":{"_jetpack_memberships_contains_paid_content":false,"footnotes":""},"categories":[5,1],"tags":[],"class_list":["post-142617","post","type-post","status-publish","format-standard","has-post-thumbnail","hentry","category-informacion-general","category-portada"],"jetpack_featured_media_url":"https:\/\/i0.wp.com\/cdnoticias.com\/wp-content\/uploads\/2024\/01\/correcaminata-nocturna-5.jpeg?fit=1280%2C853&ssl=1","jetpack_sharing_enabled":true,"_links":{"self":[{"href":"https:\/\/cdnoticias.com\/index.php\/wp-json\/wp\/v2\/posts\/142617","targetHints":{"allow":["GET"]}}],"collection":[{"href":"https:\/\/cdnoticias.com\/index.php\/wp-json\/wp\/v2\/posts"}],"about":[{"href":"https:\/\/cdnoticias.com\/index.php\/wp-json\/wp\/v2\/types\/post"}],"author":[{"embeddable":true,"href":"https:\/\/cdnoticias.com\/index.php\/wp-json\/wp\/v2\/users\/6"}],"replies":[{"embeddable":true,"href":"https:\/\/cdnoticias.com\/index.php\/wp-json\/wp\/v2\/comments?post=142617"}],"version-history":[{"count":0,"href":"https:\/\/cdnoticias.com\/index.php\/wp-json\/wp\/v2\/posts\/142617\/revisions"}],"wp:featuredmedia":[{"embeddable":true,"href":"https:\/\/cdnoticias.com\/index.php\/wp-json\/wp\/v2\/media\/107537"}],"wp:attachment":[{"href":"https:\/\/cdnoticias.com\/index.php\/wp-json\/wp\/v2\/media?parent=142617"}],"wp:term":[{"taxonomy":"category","embeddable":true,"href":"https:\/\/cdnoticias.com\/index.php\/wp-json\/wp\/v2\/categories?post=142617"},{"taxonomy":"post_tag","embeddable":true,"href":"https:\/\/cdnoticias.com\/index.php\/wp-json\/wp\/v2\/tags?post=142617"}],"curies":[{"name":"wp","href":"https:\/\/api.w.org\/{rel}","templated":true}]}}