{"id":142612,"date":"2025-01-27T19:03:17","date_gmt":"2025-01-27T22:03:17","guid":{"rendered":"https:\/\/cdnoticias.com\/?p=142612"},"modified":"2025-01-28T08:15:40","modified_gmt":"2025-01-28T11:15:40","slug":"hallaron-una-moto-que-habia-sido-robada-en-agosto","status":"publish","type":"post","link":"https:\/\/cdnoticias.com\/index.php\/2025\/01\/27\/hallaron-una-moto-que-habia-sido-robada-en-agosto\/","title":{"rendered":"Hallaron una moto que hab\u00eda sido robada en agosto"},"content":{"rendered":"<p>Por diversas irregularidades, el rodado fue interceptado en Coronel Su\u00e1rez y Berutti. El conductor, de 17 a\u00f1os, fue imputado por \u201cencubrimiento\u201d.<!--more--><\/p>\n<hr \/>\n<p>Efectivos del<strong> Comando de Patrullas<\/strong> recuperaron <strong>una moto que hab\u00eda sido denunciada como robada<\/strong> en el mes de agosto en Olavarr\u00eda.<\/p>\n<p>En<strong> Coronel Su\u00e1rez y Berutti<\/strong> identificaron al <strong>conductor del rodado, un adolescente de 17 a\u00f1os<\/strong>.<\/p>\n<blockquote>\n<p>La moto, de color rojo, no ten\u00eda patente, le faltaban pl\u00e1sticos y llave de contacto. Adem\u00e1s, ten\u00eda la numeraci\u00f3n del motor adulterada ilegible. Al momento de verificar el n\u00famero de chasis se determin\u00f3 que ten\u00eda un pedido de secuestro activo por \u201churto art\u00edculo 163\u201d.<\/p>\n<\/blockquote>\n<p>El pedido <strong>se hab\u00eda emitido el d\u00eda 5 de agosto de 2024<\/strong> desde el <strong>Juzgado de Garant\u00edas N\u00b0 2.<\/strong><\/p>\n<p>El conductor fue imputado por<strong> \u201cencubrimiento\u201d<\/strong> con intervenci\u00f3n de la <strong>UFI N\u00ba 17<\/strong>.<\/p>\n\n\n<p><\/p>\n","protected":false},"excerpt":{"rendered":"<p>Por diversas irregularidades, el rodado fue interceptado en Coronel Su\u00e1rez y Berutti. El conductor, de 17 a\u00f1os, fue imputado por<\/p>\n","protected":false},"author":4,"featured_media":142609,"comment_status":"closed","ping_status":"closed","sticky":false,"template":"","format":"standard","meta":{"_jetpack_memberships_contains_paid_content":false,"footnotes":""},"categories":[14,1],"tags":[],"class_list":["post-142612","post","type-post","status-publish","format-standard","has-post-thumbnail","hentry","category-policiales","category-portada"],"jetpack_featured_media_url":"https:\/\/i0.wp.com\/cdnoticias.com\/wp-content\/uploads\/2025\/01\/coronel-suarez-y-berutti-00.jpg?fit=800%2C445&ssl=1","jetpack_sharing_enabled":true,"_links":{"self":[{"href":"https:\/\/cdnoticias.com\/index.php\/wp-json\/wp\/v2\/posts\/142612","targetHints":{"allow":["GET"]}}],"collection":[{"href":"https:\/\/cdnoticias.com\/index.php\/wp-json\/wp\/v2\/posts"}],"about":[{"href":"https:\/\/cdnoticias.com\/index.php\/wp-json\/wp\/v2\/types\/post"}],"author":[{"embeddable":true,"href":"https:\/\/cdnoticias.com\/index.php\/wp-json\/wp\/v2\/users\/4"}],"replies":[{"embeddable":true,"href":"https:\/\/cdnoticias.com\/index.php\/wp-json\/wp\/v2\/comments?post=142612"}],"version-history":[{"count":0,"href":"https:\/\/cdnoticias.com\/index.php\/wp-json\/wp\/v2\/posts\/142612\/revisions"}],"wp:featuredmedia":[{"embeddable":true,"href":"https:\/\/cdnoticias.com\/index.php\/wp-json\/wp\/v2\/media\/142609"}],"wp:attachment":[{"href":"https:\/\/cdnoticias.com\/index.php\/wp-json\/wp\/v2\/media?parent=142612"}],"wp:term":[{"taxonomy":"category","embeddable":true,"href":"https:\/\/cdnoticias.com\/index.php\/wp-json\/wp\/v2\/categories?post=142612"},{"taxonomy":"post_tag","embeddable":true,"href":"https:\/\/cdnoticias.com\/index.php\/wp-json\/wp\/v2\/tags?post=142612"}],"curies":[{"name":"wp","href":"https:\/\/api.w.org\/{rel}","templated":true}]}}