{"id":142610,"date":"2025-01-27T14:35:14","date_gmt":"2025-01-27T17:35:14","guid":{"rendered":"https:\/\/cdnoticias.com\/?p=142610"},"modified":"2025-01-27T19:03:43","modified_gmt":"2025-01-27T22:03:43","slug":"aprehendido-por-intentar-robar-en-una-casa-era-buscado-por-otro-robo","status":"publish","type":"post","link":"https:\/\/cdnoticias.com\/index.php\/2025\/01\/27\/aprehendido-por-intentar-robar-en-una-casa-era-buscado-por-otro-robo\/","title":{"rendered":"Aprehendido por intentar robar en una casa: era buscado por otro robo"},"content":{"rendered":"<p>El acusado, de 31 a\u00f1os, fue arrestado en Sarmiento y Chacabuco. Una mujer denunci\u00f3 que estaba en el patio de su casa.<!--more--><\/p>\n<hr \/>\n<p>Un hombre fue <strong>aprehendido<\/strong> este lunes por <strong>intentar robar en una casa<\/strong> y con ello se constat\u00f3 que<strong> la Justicia lo buscaba por otro delito similar.<\/strong><\/p>\n<p>Seg\u00fan se inform\u00f3, efectivos del <strong>Comando de Patrullas<\/strong> fueron convocados a <strong>una casa de Lavalle al 3900<\/strong>. La due\u00f1a de la propiedad inform\u00f3 que <strong>hab\u00eda un hombre en su patio quien, al advertir su presencia, se dio a la fuga<\/strong>.<\/p>\n<p><strong>A pocas cuadras<\/strong> fue hallado un hombre que respond\u00eda a las caracter\u00edsticas del sospechoso. As\u00ed fue <strong>aprehendido un hombre de 31 a\u00f1os<\/strong> en<strong> Sarmiento y Chacabuco<\/strong>.<\/p>\n<blockquote><p>Al identificarlo se estableci\u00f3 que desde el Juzgado de Garant\u00edas N\u00ba 2 de Olavarr\u00eda se hab\u00eda emitido una orden de \u201ccomparendo compulsivo y paradero activo\u201d en su contra en el marco de una causa por \u201churto agravado de veh\u00edculo dejado en v\u00eda p\u00fablica en grado de tentativa\u201d.<\/p><\/blockquote>\n<p>En tanto, por el hecho de Lavalle al 3900 fue imputado por<strong> \u201churto agravado por escalamiento en grado de tentativa\u201d<\/strong> con intervenci\u00f3n de la <strong>UFI N\u00ba 4<\/strong>. Qued\u00f3 alojado en la Comisar\u00eda Primera.<\/p>\n","protected":false},"excerpt":{"rendered":"<p>El acusado, de 31 a\u00f1os, fue arrestado en Sarmiento y Chacabuco. Una mujer denunci\u00f3 que estaba en el patio de<\/p>\n","protected":false},"author":4,"featured_media":142608,"comment_status":"closed","ping_status":"closed","sticky":false,"template":"","format":"standard","meta":{"_jetpack_memberships_contains_paid_content":false,"footnotes":""},"categories":[14,1],"tags":[],"class_list":["post-142610","post","type-post","status-publish","format-standard","has-post-thumbnail","hentry","category-policiales","category-portada"],"jetpack_featured_media_url":"https:\/\/i0.wp.com\/cdnoticias.com\/wp-content\/uploads\/2025\/01\/sarmiento-y-chacabuco-00.jpg?fit=800%2C445&ssl=1","jetpack_sharing_enabled":true,"_links":{"self":[{"href":"https:\/\/cdnoticias.com\/index.php\/wp-json\/wp\/v2\/posts\/142610","targetHints":{"allow":["GET"]}}],"collection":[{"href":"https:\/\/cdnoticias.com\/index.php\/wp-json\/wp\/v2\/posts"}],"about":[{"href":"https:\/\/cdnoticias.com\/index.php\/wp-json\/wp\/v2\/types\/post"}],"author":[{"embeddable":true,"href":"https:\/\/cdnoticias.com\/index.php\/wp-json\/wp\/v2\/users\/4"}],"replies":[{"embeddable":true,"href":"https:\/\/cdnoticias.com\/index.php\/wp-json\/wp\/v2\/comments?post=142610"}],"version-history":[{"count":0,"href":"https:\/\/cdnoticias.com\/index.php\/wp-json\/wp\/v2\/posts\/142610\/revisions"}],"wp:featuredmedia":[{"embeddable":true,"href":"https:\/\/cdnoticias.com\/index.php\/wp-json\/wp\/v2\/media\/142608"}],"wp:attachment":[{"href":"https:\/\/cdnoticias.com\/index.php\/wp-json\/wp\/v2\/media?parent=142610"}],"wp:term":[{"taxonomy":"category","embeddable":true,"href":"https:\/\/cdnoticias.com\/index.php\/wp-json\/wp\/v2\/categories?post=142610"},{"taxonomy":"post_tag","embeddable":true,"href":"https:\/\/cdnoticias.com\/index.php\/wp-json\/wp\/v2\/tags?post=142610"}],"curies":[{"name":"wp","href":"https:\/\/api.w.org\/{rel}","templated":true}]}}