{"id":142605,"date":"2025-01-28T08:13:40","date_gmt":"2025-01-28T11:13:40","guid":{"rendered":"https:\/\/cdnoticias.com\/?p=142605"},"modified":"2025-01-28T11:22:30","modified_gmt":"2025-01-28T14:22:30","slug":"hay-un-gran-retroceso-y-se-van-incentivando-tambien-los-discursos-de-odio-en-la-sociedad","status":"publish","type":"post","link":"https:\/\/cdnoticias.com\/index.php\/2025\/01\/28\/hay-un-gran-retroceso-y-se-van-incentivando-tambien-los-discursos-de-odio-en-la-sociedad\/","title":{"rendered":"\u201cHay un gran retroceso y se van incentivando tambi\u00e9n los discursos de odio en la sociedad\u201d"},"content":{"rendered":"<p>Lo defini\u00f3 Casandra Mu\u00f1oz del Campo en referencia a los dichos de Javier Milei. \u201cVimos necesario convocar a asamblea interpelando a la comunidad\u201d dijo.<!--more--><\/p>\n<hr \/>\n<p><a href=\"https:\/\/cdnoticias.com\/index.php\/2025\/01\/27\/marcha-en-olavarria-en-defensa-de-los-derechos-lgtbq\/\" target=\"_blank\" rel=\"noopener\">Tal como se inform\u00f3<\/a>, <strong>se organiza en Olavarr\u00eda una manifestaci\u00f3n en rechazo a las <a href=\"https:\/\/cdnoticias.com\/index.php\/2025\/01\/24\/repudiables-dichos-de-milei-la-ideologia-de-genero-constituye-lisa-y-llanamente-abuso-infantil\/\">expresiones del presidente Javier Milei<\/a> consideradas de odio hacia la poblaci\u00f3n LGTB+<\/strong>. La protesta se realizar\u00e1 el <strong>1\u00ba de febrero<\/strong> -al mismo tiempo que en el resto del pa\u00eds- y para ello se convoc\u00f3 a <strong>una asamblea de organizaci\u00f3n<\/strong> que se llevar\u00e1 adelante el <strong>mi\u00e9rcoles a las 18.30 en el sector de la Casa del Bicentenario.<\/strong><\/p>\n<blockquote><p>\u201cEs un gobierno nacional que va a por todos los derechos que hemos conquistado\u201d defini\u00f3 Casandra Mu\u00f1oz del Campo integrante de Socorristas Olavarr\u00eda, Asamblea Feminista y Disidente Olavarr\u00eda y de la Marcha del Orgullo, organizaciones impulsoras de la convocatoria local.<\/p><\/blockquote>\n<p>En di\u00e1logo con el programa Levantate por Radio Sapiens (FM 102.7), dijo que<strong> \u201cen Olavarr\u00eda, evidentemente, el discurso del presidente y las medidas que viene llevando adelante este Gobierno nacional, se ven reflejadas e impactan en nuestra comunidad<\/strong>. No solamente la comunidad LGTBIQ+, sino tambi\u00e9n podemos hablar de las mujeres, de los derechos que hemos ido conquistando en estos \u00faltimos tiempos\u201d.<\/p>\n<p>\u201cVimos necesario tambi\u00e9n convocar a asamblea, no solamente para quienes activamos constantemente dentro de esta lucha, sino tambi\u00e9n<strong> interpelando a la comunidad a que pueda cuestionar los dichos del presidente que son ultra violentos<\/strong>. Para m\u00ed es <strong>un gran retroceso la postura del presidente de la Naci\u00f3n\u201d<\/strong> indic\u00f3 Casandra. A\u00f1adi\u00f3 que \u201cni los n\u00fameros ni los estudios, no respaldan para nada. <strong>Se basa en absolutamente nada, en prejuicios y en discursos de odio<\/strong>. Discursos lesbo, homo, transodiantes que no tienen ning\u00fan tipo de argumento\u201d.<\/p>\n<p><img data-recalc-dims=\"1\" loading=\"lazy\" decoding=\"async\" class=\"size-full wp-image-58677 aligncenter\" src=\"https:\/\/i0.wp.com\/cdnoticias.com\/wp-content\/uploads\/2022\/06\/MarchaDelOrgullo202200040.jpg?resize=720%2C480&#038;ssl=1\" alt=\"\" width=\"720\" height=\"480\" srcset=\"https:\/\/i0.wp.com\/cdnoticias.com\/wp-content\/uploads\/2022\/06\/MarchaDelOrgullo202200040.jpg?w=720&amp;ssl=1 720w, https:\/\/i0.wp.com\/cdnoticias.com\/wp-content\/uploads\/2022\/06\/MarchaDelOrgullo202200040.jpg?resize=300%2C200&amp;ssl=1 300w, https:\/\/i0.wp.com\/cdnoticias.com\/wp-content\/uploads\/2022\/06\/MarchaDelOrgullo202200040.jpg?resize=272%2C182&amp;ssl=1 272w\" sizes=\"auto, (max-width: 720px) 100vw, 720px\" \/><\/p>\n<p>La asamblea para organizar la manifestaci\u00f3n del s\u00e1bado se realizar\u00e1 este mi\u00e9rcoles desde 18.30 en las escalinatas de la Casa del Bicentenario.<strong> \u201cInvitamos tambi\u00e9n a toda la sociedad a que pueda participar para dar frente a la situaci\u00f3n<\/strong> que nos est\u00e1 atravesando. As\u00ed como se sali\u00f3 en las calles en defensa de la educaci\u00f3n p\u00fablica, de los jubilados, tambi\u00e9n los invitamos a darle frente a la situaci\u00f3n\u201d abri\u00f3 la convocatoria Casandra.<\/p>\n<p>Consider\u00f3 que <strong>\u201ceste gobierno viene contra cualquiera de nuestros derechos que va hacia la justicia social, a hacer una sociedad un poco m\u00e1s justa.<\/strong> Entonces invitamos a que acompa\u00f1en. Porque los feminismos, los transfeminismos, las putas, las lesbianas hemos acompa\u00f1ado cada una de las luchas de los derechos colectivos y ahora <strong>invitamos a la sociedad a que nos acompa\u00f1e<\/strong> a nosotros. Tambi\u00e9n vamos a <strong>se\u00f1alar aquellos partidos pol\u00edticos que han levantado nuestras banderas para hacer campa\u00f1a y hoy en silencio est\u00e1n<\/strong>\u201d.<\/p>\n<blockquote><p>Adem\u00e1s, tras repasar las propuestas de modificaci\u00f3n de leyes que impuls\u00f3 el Gobierno, la referente feminista se\u00f1al\u00f3 que \u201csistem\u00e1ticamente van a diferentes derechos que hemos ido conquistando. Hay un gran retroceso y se van incentivando tambi\u00e9n los discursos de odio en la sociedad\u201d. A modo de ejemplo, se refiri\u00f3 a las respuestas observadas en las publicaciones de medios locales sobre la convocatoria a la asamblea: \u201ces impresionante c\u00f3mo tambi\u00e9n se est\u00e1n avalando los discursos de odio dentro de la sociedad. Podemos hacer una gran diferencia de hace un par de a\u00f1os atr\u00e1s a hoy en d\u00eda\u201d.<\/p><\/blockquote>\n<p><img data-recalc-dims=\"1\" loading=\"lazy\" decoding=\"async\" class=\"size-full wp-image-58727 aligncenter\" src=\"https:\/\/i0.wp.com\/cdnoticias.com\/wp-content\/uploads\/2022\/06\/MarchaDelOrgullo202200096_9.jpg?resize=720%2C480&#038;ssl=1\" alt=\"\" width=\"720\" height=\"480\" srcset=\"https:\/\/i0.wp.com\/cdnoticias.com\/wp-content\/uploads\/2022\/06\/MarchaDelOrgullo202200096_9.jpg?w=720&amp;ssl=1 720w, https:\/\/i0.wp.com\/cdnoticias.com\/wp-content\/uploads\/2022\/06\/MarchaDelOrgullo202200096_9.jpg?resize=300%2C200&amp;ssl=1 300w, https:\/\/i0.wp.com\/cdnoticias.com\/wp-content\/uploads\/2022\/06\/MarchaDelOrgullo202200096_9.jpg?resize=272%2C182&amp;ssl=1 272w\" sizes=\"auto, (max-width: 720px) 100vw, 720px\" \/><\/p>\n<p><strong>\u201cHay toda una estrategia pol\u00edtica que va en desmedro a nuestras existencias\u201d<\/strong> concluy\u00f3 para destacar que \u201ces important\u00edsimo para nosotros que los medios de comunicaci\u00f3n puedan replicar las acciones que llevamos adelante\u201d.<\/p>\n<p>Por \u00faltimo, inform\u00f3 que las actividades del s\u00e1bado 1\u00ba de febrero se informar\u00e1n a trav\u00e9s de las redes de Asamblea Feminista y Disidente de Olavarr\u00eda, la Asamblea por la Marcha del Orgullo y del Frente Ni Una Menos de Olavarr\u00eda.<\/p>\n","protected":false},"excerpt":{"rendered":"<p>Lo defini\u00f3 Casandra Mu\u00f1oz del Campo en referencia a los dichos de Javier Milei. \u201cVimos necesario convocar a asamblea interpelando<\/p>\n","protected":false},"author":4,"featured_media":72786,"comment_status":"closed","ping_status":"closed","sticky":false,"template":"","format":"standard","meta":{"_jetpack_memberships_contains_paid_content":false,"footnotes":""},"categories":[3,1],"tags":[],"class_list":["post-142605","post","type-post","status-publish","format-standard","has-post-thumbnail","hentry","category-genero","category-portada"],"jetpack_featured_media_url":"https:\/\/i0.wp.com\/cdnoticias.com\/wp-content\/uploads\/2022\/12\/marcha-orgullo-03.jpg?fit=800%2C533&ssl=1","jetpack_sharing_enabled":true,"_links":{"self":[{"href":"https:\/\/cdnoticias.com\/index.php\/wp-json\/wp\/v2\/posts\/142605","targetHints":{"allow":["GET"]}}],"collection":[{"href":"https:\/\/cdnoticias.com\/index.php\/wp-json\/wp\/v2\/posts"}],"about":[{"href":"https:\/\/cdnoticias.com\/index.php\/wp-json\/wp\/v2\/types\/post"}],"author":[{"embeddable":true,"href":"https:\/\/cdnoticias.com\/index.php\/wp-json\/wp\/v2\/users\/4"}],"replies":[{"embeddable":true,"href":"https:\/\/cdnoticias.com\/index.php\/wp-json\/wp\/v2\/comments?post=142605"}],"version-history":[{"count":0,"href":"https:\/\/cdnoticias.com\/index.php\/wp-json\/wp\/v2\/posts\/142605\/revisions"}],"wp:featuredmedia":[{"embeddable":true,"href":"https:\/\/cdnoticias.com\/index.php\/wp-json\/wp\/v2\/media\/72786"}],"wp:attachment":[{"href":"https:\/\/cdnoticias.com\/index.php\/wp-json\/wp\/v2\/media?parent=142605"}],"wp:term":[{"taxonomy":"category","embeddable":true,"href":"https:\/\/cdnoticias.com\/index.php\/wp-json\/wp\/v2\/categories?post=142605"},{"taxonomy":"post_tag","embeddable":true,"href":"https:\/\/cdnoticias.com\/index.php\/wp-json\/wp\/v2\/tags?post=142605"}],"curies":[{"name":"wp","href":"https:\/\/api.w.org\/{rel}","templated":true}]}}