{"id":14259,"date":"2021-02-20T08:41:59","date_gmt":"2021-02-20T11:41:59","guid":{"rendered":"http:\/\/www.centraldenoticias.com.ar\/?p=14259"},"modified":"2021-02-20T08:41:59","modified_gmt":"2021-02-20T11:41:59","slug":"femicidio-de-ivana-modica-encontraron-su-cuerpo-luego-de-la-confesion-de-su-pareja","status":"publish","type":"post","link":"https:\/\/cdnoticias.com\/index.php\/2021\/02\/20\/femicidio-de-ivana-modica-encontraron-su-cuerpo-luego-de-la-confesion-de-su-pareja\/","title":{"rendered":"Femicidio de Ivana M\u00f3dica: encontraron su cuerpo luego de la confesi\u00f3n de su pareja"},"content":{"rendered":"<p>Fue hallado tras 8 d\u00edas de b\u00fasqueda, el viernes por la noche detr\u00e1s del Hotel Ed\u00e9n, en La Falda. Su pareja, Javier Galv\u00e1n, confes\u00f3 haberla matado. Convocan a una marcha.<!--more--><\/p>\n<hr \/>\n<p>El cuerpo sin vida de Ivana M\u00f3dica fue hallado el viernes a las 23 en la zona del Camino del Cuadrado, atr\u00e1s del Hotel Ed\u00e9n, de La Falda, C\u00f3rdoba. <strong>La mujer estaba desaparecida desde la noche del jueves 11 de febrero.<\/strong><\/p>\n<p>&nbsp;<\/p>\n<p>Por la causa, <strong>se encontraba detenido su pareja, el piloto de la Fuerza A\u00e9rea, Javier Galv\u00e1n<\/strong>. Tras la declaraci\u00f3n indagatoria,<strong> se declar\u00f3 culpable del femicidio e indic\u00f3 d\u00f3nde se encontraban los restos de Ivana.<\/strong><\/p>\n<p>&nbsp;<\/p>\n<p>Inmediatamente se orden\u00f3 un operativo para hallar el cuerpo en un sector cercano al camino que une las Sierras Chicas con el Valle de Punilla, a la altura del kil\u00f3metro 11,5.<\/p>\n<p>&nbsp;<\/p>\n<p>La <strong>Asamblea Ni Una Menos C\u00f3rdoba<\/strong> convoc\u00f3 para la tarde de este s\u00e1bado una marcha en reclamo de justicia.<\/p>\n<p>&nbsp;<\/p>\n<p><em>\u201cS\u00f3lo han pasado 50 d\u00edas de este 2021 y en C\u00f3rdoba ya nos faltan Gabriela Lencina, Ivana Ju\u00e1rez, Nilda Peano, Melisa Moyano, Liliana Stefanatto, Emilse Gajes y Miriam Farias, todas v\u00edctimas de femicidio\u201d<\/em>, sostuvieron.<\/p>\n","protected":false},"excerpt":{"rendered":"<p>Fue hallado tras 8 d\u00edas de b\u00fasqueda, el viernes por la noche detr\u00e1s del Hotel Ed\u00e9n, en La Falda. Su<\/p>\n","protected":false},"author":5,"featured_media":14260,"comment_status":"closed","ping_status":"closed","sticky":false,"template":"","format":"standard","meta":{"_jetpack_memberships_contains_paid_content":false,"footnotes":""},"categories":[3,1],"tags":[],"class_list":["post-14259","post","type-post","status-publish","format-standard","has-post-thumbnail","hentry","category-genero","category-portada"],"jetpack_featured_media_url":"https:\/\/i0.wp.com\/cdnoticias.com\/wp-content\/uploads\/2021\/02\/ivana-modica.jpg?fit=1004%2C565&ssl=1","jetpack_sharing_enabled":true,"_links":{"self":[{"href":"https:\/\/cdnoticias.com\/index.php\/wp-json\/wp\/v2\/posts\/14259","targetHints":{"allow":["GET"]}}],"collection":[{"href":"https:\/\/cdnoticias.com\/index.php\/wp-json\/wp\/v2\/posts"}],"about":[{"href":"https:\/\/cdnoticias.com\/index.php\/wp-json\/wp\/v2\/types\/post"}],"author":[{"embeddable":true,"href":"https:\/\/cdnoticias.com\/index.php\/wp-json\/wp\/v2\/users\/5"}],"replies":[{"embeddable":true,"href":"https:\/\/cdnoticias.com\/index.php\/wp-json\/wp\/v2\/comments?post=14259"}],"version-history":[{"count":0,"href":"https:\/\/cdnoticias.com\/index.php\/wp-json\/wp\/v2\/posts\/14259\/revisions"}],"wp:featuredmedia":[{"embeddable":true,"href":"https:\/\/cdnoticias.com\/index.php\/wp-json\/wp\/v2\/media\/14260"}],"wp:attachment":[{"href":"https:\/\/cdnoticias.com\/index.php\/wp-json\/wp\/v2\/media?parent=14259"}],"wp:term":[{"taxonomy":"category","embeddable":true,"href":"https:\/\/cdnoticias.com\/index.php\/wp-json\/wp\/v2\/categories?post=14259"},{"taxonomy":"post_tag","embeddable":true,"href":"https:\/\/cdnoticias.com\/index.php\/wp-json\/wp\/v2\/tags?post=14259"}],"curies":[{"name":"wp","href":"https:\/\/api.w.org\/{rel}","templated":true}]}}