{"id":14257,"date":"2021-02-20T08:26:01","date_gmt":"2021-02-20T11:26:01","guid":{"rendered":"http:\/\/www.centraldenoticias.com.ar\/?p=14257"},"modified":"2021-02-20T10:08:34","modified_gmt":"2021-02-20T13:08:34","slug":"que-tramites-se-podran-hacer-este-sabado-en-el-estado-cerca-tuyo","status":"publish","type":"post","link":"https:\/\/cdnoticias.com\/index.php\/2021\/02\/20\/que-tramites-se-podran-hacer-este-sabado-en-el-estado-cerca-tuyo\/","title":{"rendered":"\u00bfQu\u00e9 tr\u00e1mites se podr\u00e1n hacer este s\u00e1bado en \u201cEl Estado Cerca Tuyo\u201d?"},"content":{"rendered":"<p>Organismos nacionales y provinciales estar\u00e1n en avenida Col\u00f3n y Alberdi para que los vecinos y vecinas puedan acercarse a realizar diferentes consultas y recibir asesoramiento.<!--more--><\/p>\n<hr \/>\n<p>La jornada denominada \u201cEl Estado Cerca Tuyo\u201d se realizar\u00e1 <strong>este s\u00e1bado de 9 a 13, en las inmediaciones de avenida Col\u00f3n y Alberdi.<\/strong> Distintos organismos nacionales y provinciales atender\u00e1n las consultas de vecinos y vecinas de Olavarr\u00eda.<\/p>\n<p>&nbsp;<\/p>\n<p>En ese marco, el <strong>Registro Nacional de las Personas<\/strong> participar\u00e1 de la jornada donde <strong>tomar\u00e1 tr\u00e1mites para DNI y pasaportes.<\/strong> <em>\u201cEs fundamental contar con un DNI vigente para acreditar tu identidad en la calle, en un comercio, en un banco, hacer un tr\u00e1mite en una oficina p\u00fablica, para viajar, o para figurar en el padr\u00f3n electoral y poder votar\u201d,\u00a0<\/em>se destac\u00f3.<\/p>\n<p>&nbsp;<\/p>\n<p><img data-recalc-dims=\"1\" loading=\"lazy\" decoding=\"async\" class=\"alignnone size-full wp-image-14264\" src=\"https:\/\/i0.wp.com\/cdnoticias.com\/wp-content\/uploads\/2021\/02\/WhatsApp-Image-2021-02-20-at-08.49.13.jpeg?resize=800%2C599&#038;ssl=1\" alt=\"\" width=\"800\" height=\"599\" srcset=\"https:\/\/i0.wp.com\/cdnoticias.com\/wp-content\/uploads\/2021\/02\/WhatsApp-Image-2021-02-20-at-08.49.13.jpeg?w=1280&amp;ssl=1 1280w, https:\/\/i0.wp.com\/cdnoticias.com\/wp-content\/uploads\/2021\/02\/WhatsApp-Image-2021-02-20-at-08.49.13.jpeg?resize=300%2C225&amp;ssl=1 300w, https:\/\/i0.wp.com\/cdnoticias.com\/wp-content\/uploads\/2021\/02\/WhatsApp-Image-2021-02-20-at-08.49.13.jpeg?resize=768%2C575&amp;ssl=1 768w, https:\/\/i0.wp.com\/cdnoticias.com\/wp-content\/uploads\/2021\/02\/WhatsApp-Image-2021-02-20-at-08.49.13.jpeg?resize=1024%2C766&amp;ssl=1 1024w\" sizes=\"auto, (max-width: 800px) 100vw, 800px\" \/><\/p>\n<p>&nbsp;<\/p>\n<p>Adem\u00e1s, estar\u00e1n presentes representantes de <strong>PAMI, IOMA, ANSES, Defensor\u00eda de la Provincia de Buenos Aires, Regi\u00f3n Sanitaria, Centro de Acceso a la Justicia, Ministerio de las Mujeres, Pol\u00edticas de G\u00e9nero y Diversidad Sexual, Ministerio de Desarrollo Social, Secretar\u00eda de Derechos Humanos, Ministerio de Trabajo, Direcci\u00f3n General de Cultura y de Educaci\u00f3n, Sedronar, CNRT y Plan FINES.<\/strong><\/p>\n<p>&nbsp;<\/p>\n<p>En todos los casos se brindar\u00e1 <strong>asesoramiento gratuito.<\/strong> La atenci\u00f3n ser\u00e1 <strong>por orden de llegada<\/strong>, sin necesidad de inscripci\u00f3n previa. Se deber\u00e1n respetar los protocolos sanitarios vigentes, el distanciamiento social y uso obligatorio de barbijo.<\/p>\n","protected":false},"excerpt":{"rendered":"<p>Organismos nacionales y provinciales estar\u00e1n en avenida Col\u00f3n y Alberdi para que los vecinos y vecinas puedan acercarse a realizar<\/p>\n","protected":false},"author":5,"featured_media":14263,"comment_status":"closed","ping_status":"closed","sticky":false,"template":"","format":"standard","meta":{"_jetpack_memberships_contains_paid_content":false,"footnotes":""},"categories":[5,1],"tags":[],"class_list":["post-14257","post","type-post","status-publish","format-standard","has-post-thumbnail","hentry","category-informacion-general","category-portada"],"jetpack_featured_media_url":"https:\/\/i0.wp.com\/cdnoticias.com\/wp-content\/uploads\/2021\/02\/WhatsApp-Image-2021-02-20-at-08.49.16.jpeg?fit=1280%2C960&ssl=1","jetpack_sharing_enabled":true,"_links":{"self":[{"href":"https:\/\/cdnoticias.com\/index.php\/wp-json\/wp\/v2\/posts\/14257","targetHints":{"allow":["GET"]}}],"collection":[{"href":"https:\/\/cdnoticias.com\/index.php\/wp-json\/wp\/v2\/posts"}],"about":[{"href":"https:\/\/cdnoticias.com\/index.php\/wp-json\/wp\/v2\/types\/post"}],"author":[{"embeddable":true,"href":"https:\/\/cdnoticias.com\/index.php\/wp-json\/wp\/v2\/users\/5"}],"replies":[{"embeddable":true,"href":"https:\/\/cdnoticias.com\/index.php\/wp-json\/wp\/v2\/comments?post=14257"}],"version-history":[{"count":0,"href":"https:\/\/cdnoticias.com\/index.php\/wp-json\/wp\/v2\/posts\/14257\/revisions"}],"wp:featuredmedia":[{"embeddable":true,"href":"https:\/\/cdnoticias.com\/index.php\/wp-json\/wp\/v2\/media\/14263"}],"wp:attachment":[{"href":"https:\/\/cdnoticias.com\/index.php\/wp-json\/wp\/v2\/media?parent=14257"}],"wp:term":[{"taxonomy":"category","embeddable":true,"href":"https:\/\/cdnoticias.com\/index.php\/wp-json\/wp\/v2\/categories?post=14257"},{"taxonomy":"post_tag","embeddable":true,"href":"https:\/\/cdnoticias.com\/index.php\/wp-json\/wp\/v2\/tags?post=14257"}],"curies":[{"name":"wp","href":"https:\/\/api.w.org\/{rel}","templated":true}]}}