{"id":142560,"date":"2025-01-26T21:05:02","date_gmt":"2025-01-27T00:05:02","guid":{"rendered":"https:\/\/cdnoticias.com\/?p=142560"},"modified":"2025-01-27T09:32:32","modified_gmt":"2025-01-27T12:32:32","slug":"alerta-por-tormenta-para-la-manana-del-lunes-en-olavarria","status":"publish","type":"post","link":"https:\/\/cdnoticias.com\/index.php\/2025\/01\/26\/alerta-por-tormenta-para-la-manana-del-lunes-en-olavarria\/","title":{"rendered":"Alerta por tormenta para la ma\u00f1ana del lunes en Olavarr\u00eda"},"content":{"rendered":"<p>El Servicio Meteorol\u00f3gico Nacional emiti\u00f3 la advertencia para gran parte de la provincia. Se prev\u00e9n valores de precipitaci\u00f3n acumulada entre 40 y 50 mm.<!--more--><\/p>\n<hr \/>\n<p>El <strong>Servicio Meteorol\u00f3gico Nacional (SMN)<\/strong> emiti\u00f3 un <strong>alerta de nivel amarillo por tormenta<\/strong> para la <strong>ma\u00f1ana del lunes en Olavarr\u00eda<\/strong>.<\/p>\n<blockquote><p>\u201cEl \u00e1rea ser\u00e1 afectada por tormentas, algunas localmente fuertes. Las mismas estar\u00e1n acompa\u00f1adas por r\u00e1fagas que podr\u00edan superar los 60 km\/h, ca\u00edda de granizo, fuerte actividad el\u00e9ctrica y abundante ca\u00edda de agua en cortos per\u00edodos. Se prev\u00e9n valores de precipitaci\u00f3n acumulada entre 40 y 50 mm, pudiendo ser superados en forma puntual\u201d indic\u00f3 el organismo.<\/p><\/blockquote>\n<p>La advertencia rige para la mitad oeste de la provincia, desde el norte hasta el sur.<\/p>\n<p><strong>Para Olavarr\u00eda, el SMN, pronostic\u00f3 chaparrones y tormentas<\/strong> desde la noche de este viernes hasta la tarde del lunes.<\/p>\n<h3>Recomendaciones<\/h3>\n<p>Ante el nivel amarillo de alerta, el Servicio Meteorol\u00f3gico Nacional recomienda:<\/p>\n<ul>\n<li>No sacar la basura y retirar objetos que impidan que el agua escurra.<\/li>\n<li>Evitar actividades al aire libre.<\/li>\n<li>No refugiarse cerca de \u00e1rboles y postes de electricidad que puedan caerse.<\/li>\n<li>Para minimizar el riesgo de ser alcanzado por un rayo, no permanecer en playas, r\u00edos, lagunas o piletas.<\/li>\n<li>Estar atento ante la posible ca\u00edda de granizo.<\/li>\n<li>Informarse por las autoridades, tener siempre lista una mochila de emergencias con linterna, radio, documentos y tel\u00e9fono.<\/li>\n<\/ul>\n","protected":false},"excerpt":{"rendered":"<p>El Servicio Meteorol\u00f3gico Nacional emiti\u00f3 la advertencia para gran parte de la provincia. Se prev\u00e9n valores de precipitaci\u00f3n acumulada entre<\/p>\n","protected":false},"author":4,"featured_media":142561,"comment_status":"closed","ping_status":"closed","sticky":false,"template":"","format":"standard","meta":{"_jetpack_memberships_contains_paid_content":false,"footnotes":""},"categories":[5,1],"tags":[],"class_list":["post-142560","post","type-post","status-publish","format-standard","has-post-thumbnail","hentry","category-informacion-general","category-portada"],"jetpack_featured_media_url":"https:\/\/i0.wp.com\/cdnoticias.com\/wp-content\/uploads\/2025\/01\/alerta-amarillo-tormenta-27-de-enero-2025.jpg?fit=800%2C445&ssl=1","jetpack_sharing_enabled":true,"_links":{"self":[{"href":"https:\/\/cdnoticias.com\/index.php\/wp-json\/wp\/v2\/posts\/142560","targetHints":{"allow":["GET"]}}],"collection":[{"href":"https:\/\/cdnoticias.com\/index.php\/wp-json\/wp\/v2\/posts"}],"about":[{"href":"https:\/\/cdnoticias.com\/index.php\/wp-json\/wp\/v2\/types\/post"}],"author":[{"embeddable":true,"href":"https:\/\/cdnoticias.com\/index.php\/wp-json\/wp\/v2\/users\/4"}],"replies":[{"embeddable":true,"href":"https:\/\/cdnoticias.com\/index.php\/wp-json\/wp\/v2\/comments?post=142560"}],"version-history":[{"count":0,"href":"https:\/\/cdnoticias.com\/index.php\/wp-json\/wp\/v2\/posts\/142560\/revisions"}],"wp:featuredmedia":[{"embeddable":true,"href":"https:\/\/cdnoticias.com\/index.php\/wp-json\/wp\/v2\/media\/142561"}],"wp:attachment":[{"href":"https:\/\/cdnoticias.com\/index.php\/wp-json\/wp\/v2\/media?parent=142560"}],"wp:term":[{"taxonomy":"category","embeddable":true,"href":"https:\/\/cdnoticias.com\/index.php\/wp-json\/wp\/v2\/categories?post=142560"},{"taxonomy":"post_tag","embeddable":true,"href":"https:\/\/cdnoticias.com\/index.php\/wp-json\/wp\/v2\/tags?post=142560"}],"curies":[{"name":"wp","href":"https:\/\/api.w.org\/{rel}","templated":true}]}}