{"id":142550,"date":"2025-01-26T11:24:32","date_gmt":"2025-01-26T14:24:32","guid":{"rendered":"https:\/\/cdnoticias.com\/?p=142550"},"modified":"2025-01-26T11:26:42","modified_gmt":"2025-01-26T14:26:42","slug":"ruta-3-se-conocio-la-identidad-del-conductor-fallecido-este-sabado","status":"publish","type":"post","link":"https:\/\/cdnoticias.com\/index.php\/2025\/01\/26\/ruta-3-se-conocio-la-identidad-del-conductor-fallecido-este-sabado\/","title":{"rendered":"Ruta 3: se conoci\u00f3 la identidad del conductor fallecido este s\u00e1bado"},"content":{"rendered":"<p>Ten\u00eda 62 a\u00f1os y se domiciliaba en Temperley. Choc\u00f3 contra un cami\u00f3n entre Las Flores y Cachar\u00ed.<!--more--><\/p>\n<hr \/>\n<p><a href=\"https:\/\/cdnoticias.com\/index.php\/2025\/01\/25\/choque-fatal-en-ruta-3-entre-cachari-y-las-flores\/\" target=\"_blank\" rel=\"noopener\">Tal como se inform\u00f3<\/a>, este s\u00e1bado por la tarde se registr\u00f3 <strong>un siniestro vial fatal sobre la ruta nacional 3<\/strong> entre Las Flores y Cachar\u00ed.<\/p>\n<p><strong>Un cami\u00f3n y una camioneta<\/strong> se vieron involucrados en el <strong>choque e incendio<\/strong>, que dej\u00f3 <strong>totalmente afectada a una camioneta en cuyo interior se encontr\u00f3 un cuerpo<\/strong>. Inicialmente no se hab\u00eda podido identificar a la v\u00edctima fatal.<\/p>\n<blockquote><p>Horas despu\u00e9s se estableci\u00f3 que se trataba de Oscar Daniel Gentile, de 62 a\u00f1os, domiciliado en Temperley, quien circulaba a bordo de pick up Toyota Hilux SW4.<\/p><\/blockquote>\n<p><img data-recalc-dims=\"1\" loading=\"lazy\" decoding=\"async\" class=\"size-full wp-image-142551 aligncenter\" src=\"https:\/\/i0.wp.com\/cdnoticias.com\/wp-content\/uploads\/2025\/01\/choque-ruta-3-cachari-el-tiempo-0.jpeg?resize=800%2C445&#038;ssl=1\" alt=\"\" width=\"800\" height=\"445\" srcset=\"https:\/\/i0.wp.com\/cdnoticias.com\/wp-content\/uploads\/2025\/01\/choque-ruta-3-cachari-el-tiempo-0.jpeg?w=1000&amp;ssl=1 1000w, https:\/\/i0.wp.com\/cdnoticias.com\/wp-content\/uploads\/2025\/01\/choque-ruta-3-cachari-el-tiempo-0.jpeg?resize=300%2C167&amp;ssl=1 300w, https:\/\/i0.wp.com\/cdnoticias.com\/wp-content\/uploads\/2025\/01\/choque-ruta-3-cachari-el-tiempo-0.jpeg?resize=768%2C427&amp;ssl=1 768w, https:\/\/i0.wp.com\/cdnoticias.com\/wp-content\/uploads\/2025\/01\/choque-ruta-3-cachari-el-tiempo-0.jpeg?resize=800%2C445&amp;ssl=1 800w\" sizes=\"auto, (max-width: 800px) 100vw, 800px\" \/><\/p>\n<p>El siniestro se registr\u00f3 en el <strong>kil\u00f3metro 228<\/strong> de la ruta nacional 3. <strong>Los dos veh\u00edculos que colisionaron quedaron completamente calcinados<\/strong> tras la colisi\u00f3n.<\/p>\n<p>Las actuaciones estuvieron a cargo del Destacamento Vial Las Flores. Tambi\u00e9n trabajaron efectivos de la Delegaci\u00f3n de Zona Operativa Vial Azul, as\u00ed como los bomberos voluntarios de Cachar\u00ed y Las Flores para combatir las llamas.<\/p>\n<p>El <strong>conductor del cami\u00f3n<\/strong> que transportaba arena hab\u00eda sido identificado como <strong>Lautaro Manuel Cerega, de 26 a\u00f1os<\/strong> y domiciliado en San Vicente.<strong> Result\u00f3 ileso y fue trasladado al hospital de Cachar\u00ed<\/strong>, donde permanec\u00eda en observaci\u00f3n.<\/p>\n<p>Fotos: <em>El Tiempo<\/em><\/p>\n<blockquote class=\"wp-embedded-content\" data-secret=\"a3zBvRD2oX\"><p><a href=\"https:\/\/cdnoticias.com\/index.php\/2025\/01\/25\/choque-fatal-en-ruta-3-entre-cachari-y-las-flores\/\">Choque fatal en ruta 3 entre Cachar\u00ed y Las Flores<\/a><\/p><\/blockquote>\n<p><iframe loading=\"lazy\" class=\"wp-embedded-content\" sandbox=\"allow-scripts\" security=\"restricted\" style=\"position: absolute; visibility: hidden;\" title=\"&#8220;Choque fatal en ruta 3 entre Cachar\u00ed y Las Flores&#8221; &#8212; Central de Noticias | Olavarr\u00eda\" src=\"https:\/\/cdnoticias.com\/index.php\/2025\/01\/25\/choque-fatal-en-ruta-3-entre-cachari-y-las-flores\/embed\/#?secret=GRTBYr3Kso#?secret=a3zBvRD2oX\" data-secret=\"a3zBvRD2oX\" width=\"600\" height=\"338\" frameborder=\"0\" marginwidth=\"0\" marginheight=\"0\" scrolling=\"no\"><\/iframe><\/p>\n","protected":false},"excerpt":{"rendered":"<p>Ten\u00eda 62 a\u00f1os y se domiciliaba en Temperley. Choc\u00f3 contra un cami\u00f3n entre Las Flores y Cachar\u00ed.<\/p>\n","protected":false},"author":4,"featured_media":142552,"comment_status":"closed","ping_status":"closed","sticky":false,"template":"","format":"standard","meta":{"_jetpack_memberships_contains_paid_content":false,"footnotes":""},"categories":[6,1],"tags":[],"class_list":["post-142550","post","type-post","status-publish","format-standard","has-post-thumbnail","hentry","category-nacionales","category-portada"],"jetpack_featured_media_url":"https:\/\/i0.wp.com\/cdnoticias.com\/wp-content\/uploads\/2025\/01\/choque-ruta-3-cachari-el-tiempo-1.jpeg?fit=1000%2C752&ssl=1","jetpack_sharing_enabled":true,"_links":{"self":[{"href":"https:\/\/cdnoticias.com\/index.php\/wp-json\/wp\/v2\/posts\/142550","targetHints":{"allow":["GET"]}}],"collection":[{"href":"https:\/\/cdnoticias.com\/index.php\/wp-json\/wp\/v2\/posts"}],"about":[{"href":"https:\/\/cdnoticias.com\/index.php\/wp-json\/wp\/v2\/types\/post"}],"author":[{"embeddable":true,"href":"https:\/\/cdnoticias.com\/index.php\/wp-json\/wp\/v2\/users\/4"}],"replies":[{"embeddable":true,"href":"https:\/\/cdnoticias.com\/index.php\/wp-json\/wp\/v2\/comments?post=142550"}],"version-history":[{"count":0,"href":"https:\/\/cdnoticias.com\/index.php\/wp-json\/wp\/v2\/posts\/142550\/revisions"}],"wp:featuredmedia":[{"embeddable":true,"href":"https:\/\/cdnoticias.com\/index.php\/wp-json\/wp\/v2\/media\/142552"}],"wp:attachment":[{"href":"https:\/\/cdnoticias.com\/index.php\/wp-json\/wp\/v2\/media?parent=142550"}],"wp:term":[{"taxonomy":"category","embeddable":true,"href":"https:\/\/cdnoticias.com\/index.php\/wp-json\/wp\/v2\/categories?post=142550"},{"taxonomy":"post_tag","embeddable":true,"href":"https:\/\/cdnoticias.com\/index.php\/wp-json\/wp\/v2\/tags?post=142550"}],"curies":[{"name":"wp","href":"https:\/\/api.w.org\/{rel}","templated":true}]}}