{"id":14251,"date":"2021-02-19T21:24:22","date_gmt":"2021-02-20T00:24:22","guid":{"rendered":"http:\/\/www.centraldenoticias.com.ar\/?p=14251"},"modified":"2021-02-20T08:26:10","modified_gmt":"2021-02-20T11:26:10","slug":"nueva-etapa-de-vacunacion-mas-de-480-aplicaciones-en-los-primeros-dias","status":"publish","type":"post","link":"https:\/\/cdnoticias.com\/index.php\/2021\/02\/19\/nueva-etapa-de-vacunacion-mas-de-480-aplicaciones-en-los-primeros-dias\/","title":{"rendered":"Nueva etapa de vacunaci\u00f3n: m\u00e1s de 480 aplicaciones en los primeros d\u00edas"},"content":{"rendered":"<p>La vacunaci\u00f3n para mayores de 70 a\u00f1os, personal sanitario, docente y de seguridad se desarrolla en la ciudad. En los primeros dos d\u00edas, se vacunaron 291 personas en la Secundaria N\u00b01 y 190 en Suteba.<!--more--><\/p>\n<hr \/>\n<p>La campa\u00f1a de vacunaci\u00f3n se desarrolla en la <strong>Escuela de Educaci\u00f3n Secundaria N\u00b0 1 \u201cJorge Luis Borges\u201d<\/strong> y la <strong>mutual Carlos Alberto Moreno del Suteba<\/strong>. En ambos lugares se est\u00e1 aplicando el primer componente de la Sputnik.<\/p>\n<p>&nbsp;<\/p>\n<p><strong>En la sede del Suteba a cargo de IOMA el jueves se vacunaron 80 personas y este viernes 110<\/strong>, se trata de personal sanitario, docente, auxiliares y polic\u00edas. <strong>La vacunaci\u00f3n se lleva a cabo de lunes a viernes de 8:00 a 16:00 con turno previo.<\/strong><\/p>\n<p>&nbsp;<\/p>\n<p>Por su parte <strong>en la Escuela Secundaria N\u00b01 \u201cJorge Luis Borges\u201d el jueves se vacunaron 136 personas<\/strong> entre personal sanitario y mayores de 70 a\u00f1os <strong>y este viernes fueron 155<\/strong>. En este caso, la aplicaci\u00f3n de las dosis <strong>continuar\u00e1 s\u00e1bado y domingo de 8:00 a 20:00, \u00fanicamente con turno previo.<\/strong><\/p>\n<p>&nbsp;<\/p>\n<p><img data-recalc-dims=\"1\" loading=\"lazy\" decoding=\"async\" class=\"alignnone size-full wp-image-14063\" src=\"https:\/\/i0.wp.com\/cdnoticias.com\/wp-content\/uploads\/2021\/02\/vacunaci%C3%B3n-mayores-70-a%C3%B1os4.jpg?resize=800%2C533&#038;ssl=1\" alt=\"\" width=\"800\" height=\"533\" srcset=\"https:\/\/i0.wp.com\/cdnoticias.com\/wp-content\/uploads\/2021\/02\/vacunaci%C3%B3n-mayores-70-a%C3%B1os4.jpg?w=4608&amp;ssl=1 4608w, https:\/\/i0.wp.com\/cdnoticias.com\/wp-content\/uploads\/2021\/02\/vacunaci%C3%B3n-mayores-70-a%C3%B1os4.jpg?resize=300%2C200&amp;ssl=1 300w, https:\/\/i0.wp.com\/cdnoticias.com\/wp-content\/uploads\/2021\/02\/vacunaci%C3%B3n-mayores-70-a%C3%B1os4.jpg?resize=768%2C512&amp;ssl=1 768w, https:\/\/i0.wp.com\/cdnoticias.com\/wp-content\/uploads\/2021\/02\/vacunaci%C3%B3n-mayores-70-a%C3%B1os4.jpg?resize=1024%2C683&amp;ssl=1 1024w, https:\/\/i0.wp.com\/cdnoticias.com\/wp-content\/uploads\/2021\/02\/vacunaci%C3%B3n-mayores-70-a%C3%B1os4.jpg?resize=272%2C182&amp;ssl=1 272w, https:\/\/i0.wp.com\/cdnoticias.com\/wp-content\/uploads\/2021\/02\/vacunaci%C3%B3n-mayores-70-a%C3%B1os4.jpg?w=1600&amp;ssl=1 1600w, https:\/\/i0.wp.com\/cdnoticias.com\/wp-content\/uploads\/2021\/02\/vacunaci%C3%B3n-mayores-70-a%C3%B1os4.jpg?w=2400&amp;ssl=1 2400w\" sizes=\"auto, (max-width: 800px) 100vw, 800px\" \/><\/p>\n<p>&nbsp;<\/p>\n<p><strong>Ramiro Borzi de la Regi\u00f3n Sanitaria IX<\/strong>, destac\u00f3 que<em> \u201ces importante que todos se inscriban en la p\u00e1gina como venimos difundiendo desde el primer d\u00eda y que est\u00e9n atentos a las notificaciones de los turnos, adem\u00e1s hemos recibido la consulta de varias personas por un mensaje que est\u00e1 circulando por Whatsapp avisando que los mayores pueden ir a vacunarse sin turno y no es as\u00ed\u201d.<\/em><\/p>\n<p>&nbsp;<\/p>\n<p>Todos los interesados en acceder al plan provincial de vacunaci\u00f3n contra el coronavirus, que es p\u00fablico, gratuito y optativo, pueden sacar turno de manera virtual entrando en la <a href=\"https:\/\/vacunatepba.gba.gob.ar\/\" target=\"_blank\" rel=\"noopener\">p\u00e1gina web<\/a>, o de forma presencial en ANSES, IOMA, PAMI, Ministerio de trabajo, Centro de Documentaci\u00f3n R\u00e1pida, entre otros.<\/p>\n","protected":false},"excerpt":{"rendered":"<p>La vacunaci\u00f3n para mayores de 70 a\u00f1os, personal sanitario, docente y de seguridad se desarrolla en la ciudad. En los<\/p>\n","protected":false},"author":5,"featured_media":14061,"comment_status":"closed","ping_status":"closed","sticky":false,"template":"","format":"standard","meta":{"_jetpack_memberships_contains_paid_content":false,"footnotes":""},"categories":[5,1],"tags":[],"class_list":["post-14251","post","type-post","status-publish","format-standard","has-post-thumbnail","hentry","category-informacion-general","category-portada"],"jetpack_featured_media_url":"https:\/\/i0.wp.com\/cdnoticias.com\/wp-content\/uploads\/2021\/02\/vacunaci%C3%B3n-mayores-70-a%C3%B1os2.jpg?fit=4608%2C3072&ssl=1","jetpack_sharing_enabled":true,"_links":{"self":[{"href":"https:\/\/cdnoticias.com\/index.php\/wp-json\/wp\/v2\/posts\/14251","targetHints":{"allow":["GET"]}}],"collection":[{"href":"https:\/\/cdnoticias.com\/index.php\/wp-json\/wp\/v2\/posts"}],"about":[{"href":"https:\/\/cdnoticias.com\/index.php\/wp-json\/wp\/v2\/types\/post"}],"author":[{"embeddable":true,"href":"https:\/\/cdnoticias.com\/index.php\/wp-json\/wp\/v2\/users\/5"}],"replies":[{"embeddable":true,"href":"https:\/\/cdnoticias.com\/index.php\/wp-json\/wp\/v2\/comments?post=14251"}],"version-history":[{"count":0,"href":"https:\/\/cdnoticias.com\/index.php\/wp-json\/wp\/v2\/posts\/14251\/revisions"}],"wp:featuredmedia":[{"embeddable":true,"href":"https:\/\/cdnoticias.com\/index.php\/wp-json\/wp\/v2\/media\/14061"}],"wp:attachment":[{"href":"https:\/\/cdnoticias.com\/index.php\/wp-json\/wp\/v2\/media?parent=14251"}],"wp:term":[{"taxonomy":"category","embeddable":true,"href":"https:\/\/cdnoticias.com\/index.php\/wp-json\/wp\/v2\/categories?post=14251"},{"taxonomy":"post_tag","embeddable":true,"href":"https:\/\/cdnoticias.com\/index.php\/wp-json\/wp\/v2\/tags?post=14251"}],"curies":[{"name":"wp","href":"https:\/\/api.w.org\/{rel}","templated":true}]}}