{"id":142494,"date":"2025-01-25T19:43:41","date_gmt":"2025-01-25T22:43:41","guid":{"rendered":"https:\/\/cdnoticias.com\/?p=142494"},"modified":"2025-01-27T13:28:25","modified_gmt":"2025-01-27T16:28:25","slug":"__trashed-4","status":"publish","type":"post","link":"https:\/\/cdnoticias.com\/index.php\/2025\/01\/25\/__trashed-4\/","title":{"rendered":"Se viene la tercera edici\u00f3n de Atardecer de Feria"},"content":{"rendered":"\n<p>Este lunes se abri\u00f3 la inscripci\u00f3n para feriantes y artesanos. La tercera edici\u00f3n ser\u00e1 el 14 de febrero pr\u00f3ximo.\u00a0\u00a0<\/p>\n\n\n\n<hr class=\"wp-block-separator aligncenter has-alpha-channel-opacity\"\/>\n\n\n\n<p>El pr\u00f3ximo <strong>14 de febrero a partir de las 19 horas,<\/strong> frente al<strong> Centro Cultural San Jos\u00e9,<\/strong> se llevar\u00e1 a cabo la<strong> tercera edici\u00f3n de Atardecer de Feria<\/strong>.<\/p>\n\n\n\n<p><\/p>\n\n\n\n<p>Por tal motivo, <strong>este lunes 27 se abri\u00f3 la inscripci\u00f3n<\/strong> para todos a<strong>quellos feriantes y artesanos<\/strong> que quieran participar de la nueva edici\u00f3n.\u00a0\u00a0<\/p>\n\n\n\n<p><\/p>\n\n\n\n<blockquote class=\"wp-block-quote is-layout-flow wp-block-quote-is-layout-flow\">\n<p>La inscripci\u00f3n es en forma presencial hasta el d\u00eda viernes 7 de febrero inclusive. Los rubros participantes ser\u00e1n: actividades productivas, prestaciones de servicio, artesanos y emprendedores.<\/p>\n<\/blockquote>\n\n\n\n<p><\/p>\n\n\n\n<p>Se indic\u00f3 adem\u00e1s que quienes participen deber\u00e1n cumplimentar los siguientes requisitos, dependiendo de su rubro. En el caso de aquellos que se dedican a la elaboraci\u00f3n de alimentos, se solicita la presentaci\u00f3n del Certificado REPUPA, PUPAA, Puesto Fijo y\/o Habilitaci\u00f3n Municipal correspondiente.<\/p>\n\n\n\n<p><\/p>\n\n\n\n<p>Se destac\u00f3 que<strong> la inscripci\u00f3n no garantiza autom\u00e1ticamente la participaci\u00f3n en la feria<\/strong>, ya que la misma cuenta con <strong>cupos limitados <\/strong>y se tendr\u00e1 <strong>prioridad por orden de inscripci\u00f3n.&nbsp;<\/strong> La confirmaci\u00f3n oficial se efectiviza una vez que la persona se encuentre en el grupo de WhatsApp \u201cAtardecer de Feria\u201d.&nbsp;<\/p>\n\n\n\n<p><\/p>\n","protected":false},"excerpt":{"rendered":"<p>Este lunes se abri\u00f3 la inscripci\u00f3n para feriantes y artesanos. La tercera edici\u00f3n ser\u00e1 el 14 de febrero pr\u00f3ximo.\u00a0\u00a0 El<\/p>\n","protected":false},"author":6,"featured_media":134605,"comment_status":"closed","ping_status":"closed","sticky":false,"template":"","format":"standard","meta":{"_jetpack_memberships_contains_paid_content":false,"footnotes":""},"categories":[9],"tags":[],"class_list":["post-142494","post","type-post","status-publish","format-standard","has-post-thumbnail","hentry","category-cultura"],"jetpack_featured_media_url":"https:\/\/i0.wp.com\/cdnoticias.com\/wp-content\/uploads\/2025\/01\/Atardecer-de-Feria-viernes-10-de-enero-00.jpg?fit=1000%2C556&ssl=1","jetpack_sharing_enabled":true,"_links":{"self":[{"href":"https:\/\/cdnoticias.com\/index.php\/wp-json\/wp\/v2\/posts\/142494","targetHints":{"allow":["GET"]}}],"collection":[{"href":"https:\/\/cdnoticias.com\/index.php\/wp-json\/wp\/v2\/posts"}],"about":[{"href":"https:\/\/cdnoticias.com\/index.php\/wp-json\/wp\/v2\/types\/post"}],"author":[{"embeddable":true,"href":"https:\/\/cdnoticias.com\/index.php\/wp-json\/wp\/v2\/users\/6"}],"replies":[{"embeddable":true,"href":"https:\/\/cdnoticias.com\/index.php\/wp-json\/wp\/v2\/comments?post=142494"}],"version-history":[{"count":0,"href":"https:\/\/cdnoticias.com\/index.php\/wp-json\/wp\/v2\/posts\/142494\/revisions"}],"wp:featuredmedia":[{"embeddable":true,"href":"https:\/\/cdnoticias.com\/index.php\/wp-json\/wp\/v2\/media\/134605"}],"wp:attachment":[{"href":"https:\/\/cdnoticias.com\/index.php\/wp-json\/wp\/v2\/media?parent=142494"}],"wp:term":[{"taxonomy":"category","embeddable":true,"href":"https:\/\/cdnoticias.com\/index.php\/wp-json\/wp\/v2\/categories?post=142494"},{"taxonomy":"post_tag","embeddable":true,"href":"https:\/\/cdnoticias.com\/index.php\/wp-json\/wp\/v2\/tags?post=142494"}],"curies":[{"name":"wp","href":"https:\/\/api.w.org\/{rel}","templated":true}]}}