{"id":142425,"date":"2025-01-24T11:28:15","date_gmt":"2025-01-24T14:28:15","guid":{"rendered":"https:\/\/cdnoticias.com\/?p=142425"},"modified":"2025-01-24T16:20:20","modified_gmt":"2025-01-24T19:20:20","slug":"la-sro-destaco-como-alivio-la-baja-de-retenciones-a-exportaciones-del-agro","status":"publish","type":"post","link":"https:\/\/cdnoticias.com\/index.php\/2025\/01\/24\/la-sro-destaco-como-alivio-la-baja-de-retenciones-a-exportaciones-del-agro\/","title":{"rendered":"La SRO destac\u00f3 como \u201calivio\u201d la baja de retenciones a exportaciones del agro"},"content":{"rendered":"<p>El gobierno anunci\u00f3 que baja hasta junio las retenciones a la soja, el trigo, el ma\u00edz y el girasol. La medida que atiende \u201cla situaci\u00f3n particular en el campo\u201d dijo el ministro Caputo. La entidad local remarc\u00f3 que los productores agr\u00edcolas de Olavarr\u00eda \u201ccultivan cerca de 162 mil hect\u00e1reas del partido\u201d.<!--more--><\/p>\n<hr \/>\n<p>El <strong>ministro de Econom\u00eda, Luis Caputo<\/strong>, anunci\u00f3 la <strong>baja de las retenciones al trigo, el trigo, el ma\u00edz y el girasol<\/strong>. La medida por ahora regir\u00e1 <strong>en forma temporal: hasta junio<\/strong>. Por otro lado, <strong>adelant\u00f3 la eliminaci\u00f3n definitiva de las retenciones a las econom\u00edas regionales<\/strong>.<\/p>\n<p>Sobre el tema se pronunci\u00f3 la <strong>Sociedad Rural de Olavarr\u00eda<\/strong>: <strong>\u201cvaloramos la decisi\u00f3n del gobierno de Javier Milei\u201d.<\/strong><\/p>\n<blockquote><p>\u201cLa medida es bien recibida y generar\u00e1 un alivio a los productores agr\u00edcolas de Olavarr\u00eda, que cultivan cerca de 162 mil hect\u00e1reas del partido con cebada, girasol, ma\u00edz, soja y trigo, lo que representa 120 millones de d\u00f3lares al a\u00f1o\u201d sostuvo la entidad local tras detallar c\u00f3mo quedar\u00e1n las al\u00edcuotas de retenciones por producto.<\/p><\/blockquote>\n<p>Asimismo, la SRO consider\u00f3 que \u201ces un paso importante, pero<strong> seguiremos impulsando la eliminaci\u00f3n total de este impuesto distorsivo<\/strong> que castiga al productor y frena su capacidad de invertir y crecer\u201d.<\/p>\n<blockquote class=\"instagram-media\" style=\"background: #FFF; border: 0; border-radius: 3px; box-shadow: 0 0 1px 0 rgba(0,0,0,0.5),0 1px 10px 0 rgba(0,0,0,0.15); margin: 1px; max-width: 540px; min-width: 326px; padding: 0; width: calc(100% - 2px);\" data-instgrm-permalink=\"https:\/\/www.instagram.com\/p\/DFMFKPBP-WJ\/?utm_source=ig_embed&amp;utm_campaign=loading\" data-instgrm-version=\"14\">\n<div style=\"padding: 16px;\">\n<div style=\"display: flex; flex-direction: row; align-items: center;\">\n<div style=\"background-color: #f4f4f4; border-radius: 50%; flex-grow: 0; height: 40px; margin-right: 14px; width: 40px;\"><\/div>\n<div style=\"display: flex; flex-direction: column; flex-grow: 1; justify-content: center;\">\n<div style=\"background-color: #f4f4f4; border-radius: 4px; flex-grow: 0; height: 14px; margin-bottom: 6px; width: 100px;\"><\/div>\n<div style=\"background-color: #f4f4f4; border-radius: 4px; flex-grow: 0; height: 14px; width: 60px;\"><\/div>\n<\/div>\n<\/div>\n<div style=\"padding: 19% 0;\"><\/div>\n<div style=\"display: block; height: 50px; margin: 0 auto 12px; width: 50px;\"><\/div>\n<div style=\"padding-top: 8px;\">\n<div style=\"color: #3897f0; font-family: Arial,sans-serif; font-size: 14px; font-style: normal; font-weight: 550; line-height: 18px;\">Ver esta publicaci\u00f3n en Instagram<\/div>\n<\/div>\n<div style=\"padding: 12.5% 0;\"><\/div>\n<div style=\"display: flex; flex-direction: row; margin-bottom: 14px; align-items: center;\">\n<div>\n<div style=\"background-color: #f4f4f4; border-radius: 50%; height: 12.5px; width: 12.5px; transform: translateX(0px) translateY(7px);\"><\/div>\n<div style=\"background-color: #f4f4f4; height: 12.5px; transform: rotate(-45deg) translateX(3px) translateY(1px); width: 12.5px; flex-grow: 0; margin-right: 14px; margin-left: 2px;\"><\/div>\n<div style=\"background-color: #f4f4f4; border-radius: 50%; height: 12.5px; width: 12.5px; transform: translateX(9px) translateY(-18px);\"><\/div>\n<\/div>\n<div style=\"margin-left: 8px;\">\n<div style=\"background-color: #f4f4f4; border-radius: 50%; flex-grow: 0; height: 20px; width: 20px;\"><\/div>\n<div style=\"width: 0; height: 0; border-top: 2px solid transparent; border-left: 6px solid #f4f4f4; border-bottom: 2px solid transparent; transform: translateX(16px) translateY(-4px) rotate(30deg);\"><\/div>\n<\/div>\n<div style=\"margin-left: auto;\">\n<div style=\"width: 0px; border-top: 8px solid #F4F4F4; border-right: 8px solid transparent; transform: translateY(16px);\"><\/div>\n<div style=\"background-color: #f4f4f4; flex-grow: 0; height: 12px; width: 16px; transform: translateY(-4px);\"><\/div>\n<div style=\"width: 0; height: 0; border-top: 8px solid #F4F4F4; border-left: 8px solid transparent; transform: translateY(-4px) translateX(8px);\"><\/div>\n<\/div>\n<\/div>\n<div style=\"display: flex; flex-direction: column; flex-grow: 1; justify-content: center; margin-bottom: 24px;\">\n<div style=\"background-color: #f4f4f4; border-radius: 4px; flex-grow: 0; height: 14px; margin-bottom: 6px; width: 224px;\"><\/div>\n<div style=\"background-color: #f4f4f4; border-radius: 4px; flex-grow: 0; height: 14px; width: 144px;\"><\/div>\n<\/div>\n<p style=\"color: #c9c8cd; font-family: Arial,sans-serif; font-size: 14px; line-height: 17px; margin-bottom: 0; margin-top: 8px; overflow: hidden; padding: 8px 0 7px; text-align: center; text-overflow: ellipsis; white-space: nowrap;\"><a style=\"color: #c9c8cd; font-family: Arial,sans-serif; font-size: 14px; font-style: normal; font-weight: normal; line-height: 17px; text-decoration: none;\" href=\"https:\/\/www.instagram.com\/p\/DFMFKPBP-WJ\/?utm_source=ig_embed&amp;utm_campaign=loading\" target=\"_blank\" rel=\"noopener\">Una publicaci\u00f3n compartida por Sociedad Rural Olavarria Sro (@sociedadruralolavarria)<\/a><\/p>\n<\/div>\n<\/blockquote>\n<p><script async src=\"\/\/www.instagram.com\/embed.js\"><\/script><\/p>\n<h3>Los cambios<\/h3>\n<p>Las <strong>al\u00edcuotas de las retenciones a la soja<\/strong> bajar\u00e1n de 33% a 26%; las de los derivados de la soja se reducir\u00e1n de 31% a 24,5%; en el caso del trigo la baja ir\u00e1 del 12% a 9,5%, cebada de 12% a 9,5%; sorgo de 12% a 9,5%; ma\u00edz de 12% a 9,5%; y el girasol de 7% a 5,5%, seg\u00fan precis\u00f3 el secretario de Agricultura, Sergio Iraeta, que particip\u00f3 en lacen la conferencia junto a Caputo y al portavoz Manuel Adorni<\/p>\n<p><strong>Aquellas econom\u00edas regionales que ten\u00edan un residual y no hab\u00edan bajado las retenciones a cero, ahora lo har\u00e1n<\/strong>. Algunos ejemplos son el az\u00facar, algod\u00f3n, cuero bovino, tabaco, arroz y otros productos.<\/p>\n<blockquote><p>La medida ven\u00eda siendo largamente reclamada por el sector, bajo el argumento de que el tipo de cambio bajo, la ca\u00edda de los precios internacionales de los granos y la sequ\u00eda est\u00e1n jaqueando la rentabilidad del sector. \u201cHay una situaci\u00f3n particular en el campo producto de la sequ\u00eda y la baja del precio de los commodities\u201d, dijo Caputo, al realizar el anuncio.<\/p><\/blockquote>\n<p>En el marco de las <strong>negociaciones con el FMI<\/strong> por un cr\u00e9dito que facilite la apertura del cepo cambiario, el ministro se abstuvo de mencionar el <strong>nivel del tipo de cambio<\/strong>, que es un factor que tambi\u00e9n mencionan las organizaciones ruralistas.<\/p>\n<p><img data-recalc-dims=\"1\" loading=\"lazy\" decoding=\"async\" class=\"size-full wp-image-133739 aligncenter\" src=\"https:\/\/i0.wp.com\/cdnoticias.com\/wp-content\/uploads\/2025\/01\/luis-toto-caputo.jpg?resize=800%2C445&#038;ssl=1\" alt=\"\" width=\"800\" height=\"445\" srcset=\"https:\/\/i0.wp.com\/cdnoticias.com\/wp-content\/uploads\/2025\/01\/luis-toto-caputo.jpg?w=800&amp;ssl=1 800w, https:\/\/i0.wp.com\/cdnoticias.com\/wp-content\/uploads\/2025\/01\/luis-toto-caputo.jpg?resize=300%2C167&amp;ssl=1 300w, https:\/\/i0.wp.com\/cdnoticias.com\/wp-content\/uploads\/2025\/01\/luis-toto-caputo.jpg?resize=768%2C427&amp;ssl=1 768w\" sizes=\"auto, (max-width: 800px) 100vw, 800px\" \/><\/p>\n<p>El ministro busc\u00f3 resaltar la decisi\u00f3n de Milei en un contexto fiscal exigente y justific\u00f3 que no haya una baja m\u00e1s profunda.<strong> \u201cEste es un Gobierno que ha venido a bajar impuestos. No necesitamos a nadie que nos lo recuerde<\/strong>, porque a eso hemos venido. Ahora tambi\u00e9n, producto del desastre heredado y nuestro muy mal historial crediticio, <strong>la Argentina para bajar impuestos necesita super\u00e1vit fiscal\u201d<\/strong>, detall\u00f3 Caputo.<\/p>\n<p>\u201cHemos estado trabajando en esto dos meses y medio. <em>Me encantar\u00eda eliminarlas a cero y permanentemente [las retenciones], pero eso implicar\u00eda tener un super\u00e1vit equivalente a US$8 mil millones que no tenemos<\/em>. Pero entendemos que hay una situaci\u00f3n particular en el campo\u201d, complet\u00f3.<\/p>\n<h3>El impacto de la baja de retenciones<\/h3>\n<p>Fuentes del sector dijeron DIB que <strong>el nivel de baja no resuelve los problemas de rentabilidad que coyunturalmente enfrentan<\/strong>. Pero de todos modos se mostraron de acuerdo.<strong> \u201cEs una muy buena se\u00f1al\u201d<\/strong>, explicaron.<\/p>\n<p>De acuerdo a una estimaci\u00f3n a la que accedi\u00f3 DIB, el <strong>impacto de la decisi\u00f3n medida en el margen en d\u00f3lares por tonelada<\/strong> a valor de las cotizaciones de los granos del mi\u00e9rcoles ser\u00eda el siguiente:<\/p>\n<p><img data-recalc-dims=\"1\" loading=\"lazy\" decoding=\"async\" class=\"size-full wp-image-142426 aligncenter\" src=\"https:\/\/i0.wp.com\/cdnoticias.com\/wp-content\/uploads\/2025\/01\/baja-de-retenciones-exportaciones-estimaciones-de-precio.jpg?resize=800%2C414&#038;ssl=1\" alt=\"\" width=\"800\" height=\"414\" srcset=\"https:\/\/i0.wp.com\/cdnoticias.com\/wp-content\/uploads\/2025\/01\/baja-de-retenciones-exportaciones-estimaciones-de-precio.jpg?w=800&amp;ssl=1 800w, https:\/\/i0.wp.com\/cdnoticias.com\/wp-content\/uploads\/2025\/01\/baja-de-retenciones-exportaciones-estimaciones-de-precio.jpg?resize=300%2C155&amp;ssl=1 300w, https:\/\/i0.wp.com\/cdnoticias.com\/wp-content\/uploads\/2025\/01\/baja-de-retenciones-exportaciones-estimaciones-de-precio.jpg?resize=768%2C397&amp;ssl=1 768w\" sizes=\"auto, (max-width: 800px) 100vw, 800px\" \/><\/p>\n<p>Fuente: Agencia DIB<\/p>\n","protected":false},"excerpt":{"rendered":"<p>El gobierno anunci\u00f3 que baja hasta junio las retenciones a la soja, el trigo, el ma\u00edz y el girasol. La<\/p>\n","protected":false},"author":4,"featured_media":96734,"comment_status":"closed","ping_status":"closed","sticky":false,"template":"","format":"standard","meta":{"_jetpack_memberships_contains_paid_content":false,"footnotes":""},"categories":[4,1],"tags":[],"class_list":["post-142425","post","type-post","status-publish","format-standard","has-post-thumbnail","hentry","category-politica","category-portada"],"jetpack_featured_media_url":"https:\/\/i0.wp.com\/cdnoticias.com\/wp-content\/uploads\/2023\/09\/sociedad-rural-predio-01.jpg?fit=800%2C445&ssl=1","jetpack_sharing_enabled":true,"_links":{"self":[{"href":"https:\/\/cdnoticias.com\/index.php\/wp-json\/wp\/v2\/posts\/142425","targetHints":{"allow":["GET"]}}],"collection":[{"href":"https:\/\/cdnoticias.com\/index.php\/wp-json\/wp\/v2\/posts"}],"about":[{"href":"https:\/\/cdnoticias.com\/index.php\/wp-json\/wp\/v2\/types\/post"}],"author":[{"embeddable":true,"href":"https:\/\/cdnoticias.com\/index.php\/wp-json\/wp\/v2\/users\/4"}],"replies":[{"embeddable":true,"href":"https:\/\/cdnoticias.com\/index.php\/wp-json\/wp\/v2\/comments?post=142425"}],"version-history":[{"count":0,"href":"https:\/\/cdnoticias.com\/index.php\/wp-json\/wp\/v2\/posts\/142425\/revisions"}],"wp:featuredmedia":[{"embeddable":true,"href":"https:\/\/cdnoticias.com\/index.php\/wp-json\/wp\/v2\/media\/96734"}],"wp:attachment":[{"href":"https:\/\/cdnoticias.com\/index.php\/wp-json\/wp\/v2\/media?parent=142425"}],"wp:term":[{"taxonomy":"category","embeddable":true,"href":"https:\/\/cdnoticias.com\/index.php\/wp-json\/wp\/v2\/categories?post=142425"},{"taxonomy":"post_tag","embeddable":true,"href":"https:\/\/cdnoticias.com\/index.php\/wp-json\/wp\/v2\/tags?post=142425"}],"curies":[{"name":"wp","href":"https:\/\/api.w.org\/{rel}","templated":true}]}}