{"id":142423,"date":"2025-01-25T09:28:49","date_gmt":"2025-01-25T12:28:49","guid":{"rendered":"https:\/\/cdnoticias.com\/?p=142423"},"modified":"2025-01-25T13:31:26","modified_gmt":"2025-01-25T16:31:26","slug":"castraciones-y-atenciones-gratuitas-tambien-durante-el-verano","status":"publish","type":"post","link":"https:\/\/cdnoticias.com\/index.php\/2025\/01\/25\/castraciones-y-atenciones-gratuitas-tambien-durante-el-verano\/","title":{"rendered":"Castraciones y atenciones gratuitas tambi\u00e9n durante el verano"},"content":{"rendered":"\n<p>Se realizan en el Centro Veterinario Municipal. Los horarios de atenci\u00f3n y la forma de reservar turno. <\/p>\n\n\n\n<hr class=\"wp-block-separator has-alpha-channel-opacity\"\/>\n\n\n\n<p>El Municipio de Olavarr\u00eda record\u00f3 a la comunidad que a trav\u00e9s de la Direcci\u00f3n de Bromatolog\u00eda se ofrece de manera permanente a la comunidad el <strong>servicio gratuito de atenciones veterinarias<\/strong>, orientado principalmente a animales en situaci\u00f3n de calle o aquellos tutores que no cuenten con los medios econ\u00f3micos para realizarlo de forma privada.<\/p>\n\n\n\n<p><\/p>\n\n\n\n<p>Se invita a las personas interesadas a comunicarse o acercarse al <strong>Centro Veterinario Municipal, que se encuentra en el predio ubicado sobre avenida Urquiza 5493, a pocos metros del cruce con la Ruta Nacional N\u00b0 226.<\/strong> Se aclara que las prestaciones siguen de manera normal durante las vacaciones.<\/p>\n\n\n\n<p><\/p>\n\n\n\n<p><strong>El horario de atenci\u00f3n es de lunes a viernes de 7:30 a 13:30 horas. <\/strong>No obstante, <strong>la primera parte de la ma\u00f1ana se la destina a esterilizaciones quir\u00fargicas que se realizan con turnos previamente programados.<\/strong><\/p>\n\n\n\n<p><\/p>\n\n\n\n<p>Las personas interesadas en castrar a sus animales, tanto perros como gatos, deber\u00e1n comunicarse antes al <strong>2284 579825 (solo llamadas telef\u00f3nicas) para solicitar la intervenci\u00f3n.<\/strong><\/p>\n\n\n\n<p><\/p>\n\n\n\n<p>En tanto las atenciones veterinarias b\u00e1sicas primarias como<strong> la vacunaci\u00f3n antirr\u00e1bica se desarrollan en el horario de 11 a 13 horas,<\/strong> por orden de llegada, sin turno previo.<\/p>\n\n\n\n<p><\/p>\n\n\n\n<p>Se record\u00f3, por \u00faltimo, que desde la Direcci\u00f3n de Veterinaria tambi\u00e9n se ofrece a la comunidad el servicio del <strong>Quir\u00f3fano Veterinario M\u00f3vil, <\/strong>que a partir de las pr\u00f3ximas semanas volver\u00e1 a recorrer distintos puntos del Partido para acercar a todas las personas interesadas la posibilidad de poder esterilizar a sus mascotas, como as\u00ed tambi\u00e9n vacunarlas contra la rabia.<\/p>\n","protected":false},"excerpt":{"rendered":"<p>Se realizan en el Centro Veterinario Municipal. Los horarios de atenci\u00f3n y la forma de reservar turno. El Municipio de<\/p>\n","protected":false},"author":2,"featured_media":122940,"comment_status":"closed","ping_status":"closed","sticky":false,"template":"","format":"standard","meta":{"_jetpack_memberships_contains_paid_content":false,"footnotes":""},"categories":[5,1],"tags":[],"class_list":["post-142423","post","type-post","status-publish","format-standard","has-post-thumbnail","hentry","category-informacion-general","category-portada"],"jetpack_featured_media_url":"https:\/\/i0.wp.com\/cdnoticias.com\/wp-content\/uploads\/2024\/08\/centro-veterinario.png?fit=900%2C499&ssl=1","jetpack_sharing_enabled":true,"_links":{"self":[{"href":"https:\/\/cdnoticias.com\/index.php\/wp-json\/wp\/v2\/posts\/142423","targetHints":{"allow":["GET"]}}],"collection":[{"href":"https:\/\/cdnoticias.com\/index.php\/wp-json\/wp\/v2\/posts"}],"about":[{"href":"https:\/\/cdnoticias.com\/index.php\/wp-json\/wp\/v2\/types\/post"}],"author":[{"embeddable":true,"href":"https:\/\/cdnoticias.com\/index.php\/wp-json\/wp\/v2\/users\/2"}],"replies":[{"embeddable":true,"href":"https:\/\/cdnoticias.com\/index.php\/wp-json\/wp\/v2\/comments?post=142423"}],"version-history":[{"count":0,"href":"https:\/\/cdnoticias.com\/index.php\/wp-json\/wp\/v2\/posts\/142423\/revisions"}],"wp:featuredmedia":[{"embeddable":true,"href":"https:\/\/cdnoticias.com\/index.php\/wp-json\/wp\/v2\/media\/122940"}],"wp:attachment":[{"href":"https:\/\/cdnoticias.com\/index.php\/wp-json\/wp\/v2\/media?parent=142423"}],"wp:term":[{"taxonomy":"category","embeddable":true,"href":"https:\/\/cdnoticias.com\/index.php\/wp-json\/wp\/v2\/categories?post=142423"},{"taxonomy":"post_tag","embeddable":true,"href":"https:\/\/cdnoticias.com\/index.php\/wp-json\/wp\/v2\/tags?post=142423"}],"curies":[{"name":"wp","href":"https:\/\/api.w.org\/{rel}","templated":true}]}}