{"id":142412,"date":"2025-01-24T18:24:16","date_gmt":"2025-01-24T21:24:16","guid":{"rendered":"https:\/\/cdnoticias.com\/?p=142412"},"modified":"2025-01-24T18:24:21","modified_gmt":"2025-01-24T21:24:21","slug":"giro-promotoras-ambientales-recorren-distintos-barrios-de-la-ciudad","status":"publish","type":"post","link":"https:\/\/cdnoticias.com\/index.php\/2025\/01\/24\/giro-promotoras-ambientales-recorren-distintos-barrios-de-la-ciudad\/","title":{"rendered":"GIRO: promotoras ambientales recorren distintos barrios de la ciudad"},"content":{"rendered":"\n<p>Informan el funcionamiento del programa y sobre la importancia de sacar los reciclables en los d\u00edas y horarios que corresponden seg\u00fan la zona.<\/p>\n\n\n\n<hr class=\"wp-block-separator has-alpha-channel-opacity\"\/>\n\n\n\n<p>El Programa GIRO, dependiente de la Coordinaci\u00f3n de Ambiente de la Municipalidad, continua con un intenso <strong>trabajo en territorio<\/strong>, con el prop\u00f3sito de informar a toda la comunidad sobre el funcionamiento del mismo.<\/p>\n\n\n\n<p><\/p>\n\n\n\n<p>Durante estas semanas las<strong> promotoras de la Cooperativa \u201cViento en Contra\u201d <\/strong>recorrer\u00e1n los barrios<strong> Facundo Quiroga II (Ruta Verde), Nicol\u00e1s Avellaneda (Ruta Roja), Villa Magdalena (Ruta Celeste), Barrio Luj\u00e1n (Ruta Amarilla), el cuadrante entre Av. Pringles y Moreno y Av. Sarmiento y Av. Trabajadores (Ruta Azul) y la zona lindante al Cementerio Municipal (Ruta Gris). <\/strong>Adem\u00e1s, se volver\u00e1 a recorrer la Ruta Rosa completa incluyendo los <strong>barrios Villa Floresta, Hip\u00f3lito Yrigoyen y barrio Jard\u00edn.<\/strong><\/p>\n\n\n\n<p><\/p>\n\n\n\n<p>En el marco de cada recorrida <strong>se hace hincapi\u00e9 especialmente en el d\u00eda y horario de recolecci\u00f3n de reciclables de acuerdo a cada zona.<\/strong> Es importante que desde cada hogar <strong>se respete el calendario de recolecci\u00f3n<\/strong> y que el d\u00eda de reciclables se saque solamente reciclables. Si ese d\u00eda no cuentan con materiales reciclables, se solicita no disponer la basura.<\/p>\n\n\n\n<p><\/p>\n\n\n\n<figure class=\"wp-block-image size-full\"><img data-recalc-dims=\"1\" loading=\"lazy\" decoding=\"async\" width=\"800\" height=\"445\" src=\"https:\/\/i0.wp.com\/cdnoticias.com\/wp-content\/uploads\/2025\/01\/giro3-scaled-1.jpg?resize=800%2C445&#038;ssl=1\" alt=\"\" class=\"wp-image-134148\" srcset=\"https:\/\/i0.wp.com\/cdnoticias.com\/wp-content\/uploads\/2025\/01\/giro3-scaled-1.jpg?w=800&amp;ssl=1 800w, https:\/\/i0.wp.com\/cdnoticias.com\/wp-content\/uploads\/2025\/01\/giro3-scaled-1.jpg?resize=300%2C167&amp;ssl=1 300w, https:\/\/i0.wp.com\/cdnoticias.com\/wp-content\/uploads\/2025\/01\/giro3-scaled-1.jpg?resize=768%2C427&amp;ssl=1 768w\" sizes=\"auto, (max-width: 800px) 100vw, 800px\" \/><\/figure>\n\n\n\n<p><\/p>\n\n\n\n<blockquote class=\"wp-block-quote is-layout-flow wp-block-quote-is-layout-flow\">\n<p>Cabe aclarar que las promotoras ambientales <strong>se encuentran identificadas y estar\u00e1n recorriendo los barrios por la ma\u00f1ana a partir de las 8 horas y por la tarde, a partir de las 16 horas y no solicitan ning\u00fan tipo de retribuci\u00f3n por los imanes entregados.<\/strong><\/p>\n<\/blockquote>\n\n\n\n<p><\/p>\n\n\n\n<p>Se le recuerda a la comunidad que la <strong>recolecci\u00f3n diferencia del programa se encuentra dividida por rutas de colores<\/strong> (cada color puede abarcar a m\u00e1s de un barrio, o inclusive solo una peque\u00f1a parte de alg\u00fan barrio). Esta divisi\u00f3n se realiz\u00f3 teniendo en cuenta la frecuencia de recolecci\u00f3n que ya ten\u00eda cada barrio\/zona. <strong>La recolecci\u00f3n de basura se encuentra a cargo de la empresa Transporte Malvinas y la recolecci\u00f3n de reciclables a cargo de la cooperativa Viento en Contra.<\/strong><\/p>\n\n\n\n<p><\/p>\n\n\n\n<p>Las rutas <strong>Amarilla, Celeste, Roja, Violeta y Verde<\/strong> tienen un <strong>calendario de recolecci\u00f3n diurno, <\/strong>que comienza a las 6 am, y consiste en<strong> tres d\u00edas de recolecci\u00f3n de basura y un d\u00eda de reciclables.<\/strong> El calendario queda de la siguiente manera:<\/p>\n\n\n\n<p><\/p>\n\n\n\n<p><strong>Amarilla:<\/strong> martes, jueves y s\u00e1bado basura. Mi\u00e9rcoles reciclables<\/p>\n\n\n\n<p><br><strong>Celeste:<\/strong> martes, jueves y s\u00e1bado basura. Viernes reciclables<\/p>\n\n\n\n<p><br><strong>Roja: <\/strong>lunes, mi\u00e9rcoles y viernes basura. Martes reciclables<\/p>\n\n\n\n<p><br><strong>Violeta:<\/strong> martes, jueves y s\u00e1bado basura. Lunes reciclables<\/p>\n\n\n\n<p><br><strong>Verde:<\/strong> lunes, mi\u00e9rcoles y viernes basura. Jueves reciclables<\/p>\n\n\n\n<p><br>Las<strong> rutas Azul, Gris, Marr\u00f3n, Naranja y Rosa<\/strong> tienen un calendario de recolecci\u00f3n nocturno, que <strong>comienza a las 21 horas, y consiste en cinco d\u00edas de recolecci\u00f3n de basura y un d\u00eda de recolecci\u00f3n de reciclables.<\/strong> El calendario queda de la siguiente manera:<\/p>\n\n\n\n<p><\/p>\n\n\n\n<p><strong>Azul:<\/strong> martes, mi\u00e9rcoles, jueves, viernes y domingo basura. Lunes reciclables<\/p>\n\n\n\n<p><br><strong>Rosa: <\/strong>martes, mi\u00e9rcoles, jueves, viernes y domingo basura. Lunes reciclables<\/p>\n\n\n\n<p><br><strong>Gris:<\/strong> lunes, martes, mi\u00e9rcoles, jueves y domingo basura. Viernes reciclables<\/p>\n\n\n\n<p><br><strong>Marr\u00f3n: <\/strong>lunes, martes, mi\u00e9rcoles, viernes y domingo basura. Jueves reciclables<\/p>\n\n\n\n<p><br><strong>Naranja:<\/strong> lunes, mi\u00e9rcoles, jueves, viernes y domingo basura. Martes reciclables<\/p>\n","protected":false},"excerpt":{"rendered":"<p>Informan el funcionamiento del programa y sobre la importancia de sacar los reciclables en los d\u00edas y horarios que corresponden<\/p>\n","protected":false},"author":2,"featured_media":121277,"comment_status":"closed","ping_status":"closed","sticky":false,"template":"","format":"standard","meta":{"_jetpack_memberships_contains_paid_content":false,"footnotes":""},"categories":[5,1],"tags":[],"class_list":["post-142412","post","type-post","status-publish","format-standard","has-post-thumbnail","hentry","category-informacion-general","category-portada"],"jetpack_featured_media_url":"https:\/\/i0.wp.com\/cdnoticias.com\/wp-content\/uploads\/2024\/07\/giro-ambiente1.jpg?fit=1400%2C931&ssl=1","jetpack_sharing_enabled":true,"_links":{"self":[{"href":"https:\/\/cdnoticias.com\/index.php\/wp-json\/wp\/v2\/posts\/142412","targetHints":{"allow":["GET"]}}],"collection":[{"href":"https:\/\/cdnoticias.com\/index.php\/wp-json\/wp\/v2\/posts"}],"about":[{"href":"https:\/\/cdnoticias.com\/index.php\/wp-json\/wp\/v2\/types\/post"}],"author":[{"embeddable":true,"href":"https:\/\/cdnoticias.com\/index.php\/wp-json\/wp\/v2\/users\/2"}],"replies":[{"embeddable":true,"href":"https:\/\/cdnoticias.com\/index.php\/wp-json\/wp\/v2\/comments?post=142412"}],"version-history":[{"count":0,"href":"https:\/\/cdnoticias.com\/index.php\/wp-json\/wp\/v2\/posts\/142412\/revisions"}],"wp:featuredmedia":[{"embeddable":true,"href":"https:\/\/cdnoticias.com\/index.php\/wp-json\/wp\/v2\/media\/121277"}],"wp:attachment":[{"href":"https:\/\/cdnoticias.com\/index.php\/wp-json\/wp\/v2\/media?parent=142412"}],"wp:term":[{"taxonomy":"category","embeddable":true,"href":"https:\/\/cdnoticias.com\/index.php\/wp-json\/wp\/v2\/categories?post=142412"},{"taxonomy":"post_tag","embeddable":true,"href":"https:\/\/cdnoticias.com\/index.php\/wp-json\/wp\/v2\/tags?post=142412"}],"curies":[{"name":"wp","href":"https:\/\/api.w.org\/{rel}","templated":true}]}}