{"id":14225,"date":"2021-02-19T21:22:28","date_gmt":"2021-02-20T00:22:28","guid":{"rendered":"http:\/\/www.centraldenoticias.com.ar\/?p=14225"},"modified":"2021-02-19T21:25:12","modified_gmt":"2021-02-20T00:25:12","slug":"se-nego-a-declarar-un-hombre-acusado-de-venta-de-drogas","status":"publish","type":"post","link":"https:\/\/cdnoticias.com\/index.php\/2021\/02\/19\/se-nego-a-declarar-un-hombre-acusado-de-venta-de-drogas\/","title":{"rendered":"Se neg\u00f3 a declarar un hombre acusado de venta de drogas"},"content":{"rendered":"<p>Se trata del individuo que fue detenido en la noche del \u00faltimo jueves en el barrio Amparo Castro. En las pr\u00f3ximas horas podr\u00eda ser remitido a una sede carcelaria.<!--more--><\/p>\n<hr \/>\n<p>En el mediod\u00eda de este viernes fue trasladado a la sede judicial de nuestra ciudad un hombre de 30 a\u00f1os, quien se encuentra acusado de <strong>\u201ctenencia de estupefacientes con fines de comercializaci\u00f3n\u201d<\/strong>.<\/p>\n<p>&nbsp;<\/p>\n<p>Se trata de Dar\u00edo Miguel Miguez, quien fue remitido para ser sometido a la audiencia en t\u00e9rminos del art\u00edculo 308 del C\u00f3digo Procesal Penal, en la cual se lo imput\u00f3 formalmente por el delito mencionado l\u00edneas m\u00e1s arriba, adem\u00e1s de ofrecerle la posibilidad de brindar su versi\u00f3n de los hechos. Sin embargo, <strong>hizo uso de su derecho a negarse a prestar declaraci\u00f3n indagatoria, por lo que todo no se extendi\u00f3 mucho m\u00e1s.<\/strong><\/p>\n<p>&nbsp;<\/p>\n<p><img data-recalc-dims=\"1\" loading=\"lazy\" decoding=\"async\" class=\"alignnone size-large wp-image-1880\" src=\"https:\/\/i0.wp.com\/cdnoticias.com\/wp-content\/uploads\/2020\/09\/WhatsApp-Image-2020-08-31-at-16.11.41-2.jpeg?resize=800%2C600&#038;ssl=1\" alt=\"\" width=\"800\" height=\"600\" srcset=\"https:\/\/i0.wp.com\/cdnoticias.com\/wp-content\/uploads\/2020\/09\/WhatsApp-Image-2020-08-31-at-16.11.41-2.jpeg?resize=1024%2C768&amp;ssl=1 1024w, https:\/\/i0.wp.com\/cdnoticias.com\/wp-content\/uploads\/2020\/09\/WhatsApp-Image-2020-08-31-at-16.11.41-2.jpeg?resize=300%2C225&amp;ssl=1 300w, https:\/\/i0.wp.com\/cdnoticias.com\/wp-content\/uploads\/2020\/09\/WhatsApp-Image-2020-08-31-at-16.11.41-2.jpeg?resize=768%2C576&amp;ssl=1 768w, https:\/\/i0.wp.com\/cdnoticias.com\/wp-content\/uploads\/2020\/09\/WhatsApp-Image-2020-08-31-at-16.11.41-2.jpeg?w=1280&amp;ssl=1 1280w\" sizes=\"auto, (max-width: 800px) 100vw, 800px\" \/><\/p>\n<p>&nbsp;<\/p>\n<p>Vale recordar que el hombre de 30 a\u00f1os fue <a href=\"https:\/\/cdnoticias.com\/index.php\/2021\/02\/18\/detuvieron-a-un-hombre-de-30-anos-acusado-de-venta-de-estupefacientes\/\" target=\"_blank\" rel=\"noopener\">capturado en la noche del \u00faltimo jueves tras un allanamiento<\/a> realizado <strong>por personal local de la divisi\u00f3n de Drogas Il\u00edcitas de la polic\u00eda Bonaerense en un departamento del barrio Amparo Castro<\/strong>, conocido tambi\u00e9n como Fonavi.<\/p>\n<p>&nbsp;<\/p>\n<p>Los fundamentos de la detenci\u00f3n, requerida por el fiscal Lucas Moyano y el juez de Garant\u00edas Carlos Villamar\u00edn, se desprendieron de un allanamiento realizado contra Miguez a fines del a\u00f1o pasado, donde se incaut\u00f3 un tel\u00e9fono celular. <strong>Las pericias sobre ese artefacto permitieron recabar importantes elementos de inter\u00e9s probatorio, seg\u00fan coincidieron las fuentes consultadas<\/strong>.<\/p>\n","protected":false},"excerpt":{"rendered":"<p>Se trata del individuo que fue detenido en la noche del \u00faltimo jueves en el barrio Amparo Castro. En las<\/p>\n","protected":false},"author":3,"featured_media":14134,"comment_status":"closed","ping_status":"closed","sticky":false,"template":"","format":"standard","meta":{"_jetpack_memberships_contains_paid_content":false,"footnotes":""},"categories":[14,1],"tags":[],"class_list":["post-14225","post","type-post","status-publish","format-standard","has-post-thumbnail","hentry","category-policiales","category-portada"],"jetpack_featured_media_url":"https:\/\/i0.wp.com\/cdnoticias.com\/wp-content\/uploads\/2021\/02\/WhatsApp-Image-2021-02-18-at-20.48.45.jpeg?fit=768%2C1024&ssl=1","jetpack_sharing_enabled":true,"_links":{"self":[{"href":"https:\/\/cdnoticias.com\/index.php\/wp-json\/wp\/v2\/posts\/14225","targetHints":{"allow":["GET"]}}],"collection":[{"href":"https:\/\/cdnoticias.com\/index.php\/wp-json\/wp\/v2\/posts"}],"about":[{"href":"https:\/\/cdnoticias.com\/index.php\/wp-json\/wp\/v2\/types\/post"}],"author":[{"embeddable":true,"href":"https:\/\/cdnoticias.com\/index.php\/wp-json\/wp\/v2\/users\/3"}],"replies":[{"embeddable":true,"href":"https:\/\/cdnoticias.com\/index.php\/wp-json\/wp\/v2\/comments?post=14225"}],"version-history":[{"count":0,"href":"https:\/\/cdnoticias.com\/index.php\/wp-json\/wp\/v2\/posts\/14225\/revisions"}],"wp:featuredmedia":[{"embeddable":true,"href":"https:\/\/cdnoticias.com\/index.php\/wp-json\/wp\/v2\/media\/14134"}],"wp:attachment":[{"href":"https:\/\/cdnoticias.com\/index.php\/wp-json\/wp\/v2\/media?parent=14225"}],"wp:term":[{"taxonomy":"category","embeddable":true,"href":"https:\/\/cdnoticias.com\/index.php\/wp-json\/wp\/v2\/categories?post=14225"},{"taxonomy":"post_tag","embeddable":true,"href":"https:\/\/cdnoticias.com\/index.php\/wp-json\/wp\/v2\/tags?post=14225"}],"curies":[{"name":"wp","href":"https:\/\/api.w.org\/{rel}","templated":true}]}}